{"id":3392,"date":"2012-02-28T16:02:23","date_gmt":"2012-02-28T16:02:23","guid":{"rendered":"http:\/\/www2.nasaacin.org\/index.php\/2012\/02\/28\/mexico-ola-de-represion-contra-dirigentes-indigenas-y-opositores-a-transnacionales\/"},"modified":"2012-02-28T16:02:23","modified_gmt":"2012-02-28T16:02:23","slug":"mexico-ola-de-represion-contra-dirigentes-indigenas-y-opositores-a-transnacionales","status":"publish","type":"post","link":"https:\/\/tejidohistorico.afrodescendientes.com\/index.php\/2012\/02\/28\/mexico-ola-de-represion-contra-dirigentes-indigenas-y-opositores-a-transnacionales\/","title":{"rendered":"MEXICO: Ola de represi\u00f3n contra dirigentes ind\u00edgenas y opositores a transnacionales"},"content":{"rendered":"<p>Las agresiones y violaciones sistem\u00e1ticas a los derechos humanos, por parte del gobierno federal, van desde intimidaciones, hostigamiento, espionaje, e incluso detenciones arbitrarias, acusan, dirigentes ind\u00edgenas.<\/p>\n<p>  <!--more-->  <\/p>\n<p>\u00a0<\/p>\n<p>\u00a0<\/p>\n<h2><strong>M\u00c9XICO: Ola de represi\u00f3n contra dirigentes ind\u00edgenas y opositores a transnacionales espa\u00f1olas, canadienses y CFE<\/strong><\/h2>\n<p><strong>Escala de agresiones en distintos puntos del pa\u00eds<\/strong><\/p>\n<p><strong>Pide Naciones Unidas frenar abusos<\/strong><\/p>\n<p>\u00a0<\/p>\n<p>Desde el inicio del 2012, se ha desatado en M\u00e9xico una ola de agresiones contra liderazgos ind\u00edgenas.<\/p>\n<p>\u00a0<\/p>\n<p>Las agresiones y violaciones sistem\u00e1ticas a los derechos humanos, por parte del gobierno federal, van desde intimidaciones, hostigamiento, espionaje, e incluso detenciones arbitrarias, acusan, dirigentes ind\u00edgenas.<\/p>\n<p>\u00a0<\/p>\n<p>Tal como ocurri\u00f3 el 22 de febrero de 2012, a las 15:30 de la tarde, cuando la Procuradur\u00eda General de la Rep\u00fablica (PGR), detuvo a la defensora de derechos humanos Lucila Bettina Cruz Vel\u00e1zquez de la Asamblea de los Pueblos Ind\u00edgenas del Istmo de Tehuantepec en Defensa de la Tierra y el Territorio.<\/p>\n<p>\u00a0<\/p>\n<p>La aprehensi\u00f3n, se dio en el Istmo de Tehuantepec, Oaxaca.<\/p>\n<p>\u00a0<\/p>\n<p>Bettina Cruz, es una luchadora del pueblo zapoteco en la regi\u00f3n, defensora de los derechos de los pueblos ind\u00edgenas y reconocida opositora a la imposici\u00f3n del establecimiento y desarrollo de las empresas e\u00f3licas en la zona del Istmo oaxaque\u00f1o y tambi\u00e9n por las altas tarifas que cobra la Comisi\u00f3n Federal de Electricidad (CFE).<\/p>\n<p>\u00a0<\/p>\n<p>Su detenci\u00f3n, deton\u00f3 el sentimiento de inconformidad de la comunidad nacional e internacional, quien fue liberada un par de d\u00edas m\u00e1s tarde.<\/p>\n<p>\u00a0<\/p>\n<p>\u201cEste es un acto m\u00e1s de criminalizaci\u00f3n contra los luchadores sociales y defensoras de los derechos humanos\u201d, sentenci\u00f3 Sa\u00fal Vicente, tambi\u00e9n del pueblo zapoteco de esta regi\u00f3n y quien actualmente forma parte del Foro Permanente para Cuestiones Ind\u00edgenas de la Organizaci\u00f3n de las Naciones Unidas.<\/p>\n<p>\u00a0<\/p>\n<p>El diplom\u00e1tico ind\u00edgena obtuvo de inmediato el respaldo del Foro Permanente, ya que se realizaba en esos momentos una reuni\u00f3n previa en Managua, Nicaragua.<\/p>\n<p>\u00a0<\/p>\n<p>As\u00ed, el Foro Permanente de la ONU, se pronunci\u00f3 por el respeto a los derechos de los pueblos ind\u00edgenas, y pidi\u00f3 a M\u00e9xico, garantizar la integridad de Bettina Cruz, de sus familiares y pueblos de la regi\u00f3n, as\u00ed como de su inmediata liberaci\u00f3n.<\/p>\n<p>\u00a0<\/p>\n<p>Los diplom\u00e1ticos de Naciones Unidas, indicaron que estar\u00e1n pendientes de este caso, pero adem\u00e1s de otros, como el de los ind\u00edgenas que se defienden y se resisten a la intromisi\u00f3n de las mineras de capital canadiense en sus territorios y que ponen en riesgo su integridad f\u00edsica y cultural haciendo \u00e9nfasis en los pueblos nahuas, zapotecos, mixtecos, Wirarika.<\/p>\n<p>\u00a0<\/p>\n<p>El encarcelamiento de Bettina, forma parte de la represi\u00f3n de la Procuradur\u00eda General de la Rep\u00fablica y la Comisi\u00f3n Federal de Electricidad (CFE) en contra de los movimientos de usuarios de la energ\u00eda el\u00e9ctrica que han expresado su descontento por el mal servicio, la prepotencia y los altos costos de la electricidad.<\/p>\n<p>\u00a0<\/p>\n<p>La Asamblea de los Pueblos Ind\u00edgenas del Istmo, la Uni\u00f3n de Comunidades Ind\u00edgenas de la Zona Norte del Istmo (UCIZONI), MAIZ, el Frente Regional de Pueblos Ind\u00edgenas del Bajo Mixe-Choapam, se movilizaron de inmediato demandando la inmediata liberaci\u00f3n de la dirigente Zapoteca.<\/p>\n<p>El trasfondo de esta detenci\u00f3n, se\u00f1alaron, es la actual resistencia y negativa de los pueblos de Uni\u00f3n Hidalgo, San Mateo del Mar y San Dionisio del Mar a la construcci\u00f3n de parques e\u00f3licos y su negaci\u00f3n a pagar las altas tarifas impuestas por la CFE.<\/p>\n<p>\u00a0<\/p>\n<p>Tambi\u00e9n expresaron su apoyo a Bettina, las organizaciones del Movimiento Ind\u00edgena Nacional (MIN).<\/p>\n<p>\u00a0<\/p>\n<p>Exigieron al Gobierno Federal y a la Procuradur\u00eda General de la Rep\u00fablica (PGR), la presentaci\u00f3n y liberaci\u00f3n inmediata de la activista ind\u00edgena, Lucila Bettina Cruz Vel\u00e1zquez, detenida en el municipio de Santa Mar\u00eda Xadani, Oaxaca, por agentes de la PGR.<\/p>\n<p>\u00a0<\/p>\n<p>El MIN, manifest\u00f3 que a Lucina Bettina se le adjudican delitos del orden federal como: privaci\u00f3n ilegal de la libertad, da\u00f1os a los bienes nacionales como a la Comisi\u00f3n Federal de Electricidad (CFE) y por el delito contra la generaci\u00f3n de la riqueza nacional.<\/p>\n<p>\u00a0<\/p>\n<p>La PGR argument\u00f3 que est\u00e1 detenci\u00f3n est\u00e1 relacionada con una protesta ocurrida el 13 de abril de 2011, cuando un grupo de personas, tomaron las oficinas de la CFE, ubicadas en el kil\u00f3metro 821 de la Carretera Panamericana, en Juchit\u00e1n, donde hicieron el llamado a la poblaci\u00f3n a negarse a pagar el servicio de energ\u00eda el\u00e9ctrica.<\/p>\n<p>\u00a0<\/p>\n<p>El MIN se\u00f1al\u00f3 que no se puede criminalizar a una defensora de derechos humanos, la cual es una digna representante de la mujer ind\u00edgena y una persona muy importante para los pueblos y comunidades ind\u00edgenas de la Regi\u00f3n del Istmo de Tehuantepec.<\/p>\n<p>\u00a0<\/p>\n<p>Desde 2005 a la fecha, se han dado en el Istmo de Tehuantepec, importantes luchas de resistencia ind\u00edgena y civil contra las altas tarifas de la CFE y contra el despojo que las empresas transnacionales espa\u00f1olas como: Iberdrola, Preneal, Endesa, Gamesa, Acciona, Eurus, DEMEX, indica el MIN en su pronunciamiento.<\/p>\n<p>\u00a0<\/p>\n<p>El ejemplo de Bettina, lo siguieron ind\u00edgenas de 39 municipios de la regi\u00f3n de la Monta\u00f1a, Costa Chica, y parte de la zona Centro del estado de Guerrero, a quienes la Comisi\u00f3n Federal de Electricidad, les pretend\u00eda cobrar 103 millones de pesos.<\/p>\n<p>\u00a0<\/p>\n<p>Aunque destacan que la aprehensi\u00f3n, se dio por la resistencia mostrada por los pueblos de Uni\u00f3n Hidalgo, San Mateo del Mar y San Dionisio del Mar contra la construcci\u00f3n de parques e\u00f3licos.<\/p>\n<p>\u00a0<\/p>\n<p>En noviembre pasado Bettina en la reuni\u00f3n del Movimiento Ind\u00edgena Nacional, \u201cDesaf\u00edos ind\u00edgenas en el siglo XXI. Encuentro entre Pueblos, manifest\u00f3 y denunci\u00f3 el hostigamiento y los riesgos de ser encarcelada por el gobierno del presidente Felipe Calder\u00f3n, debido a su f\u00e9rrea postura contra las empresas espa\u00f1olas, quienes con complicidad gubernamental, est\u00e1n despojando a los pueblos zapotecos e ikoots, de su territorio.<\/p>\n<p>\u00a0<\/p>\n<p>Por su parte, el Grupo de Acci\u00f3n Revolucionaria, emplaz\u00f3 al gobierno de M\u00e9xico, a cancelar las averiguaciones previas y \u00f3rdenes de aprehensi\u00f3n contra los ind\u00edgenas, as\u00ed como la cancelaci\u00f3n del Megaproyecto E\u00f3lico del Istmo de Tehuantepec que violenta los derechos de los pueblos ind\u00edgenas.<\/p>\n<p>\u00a0<\/p>\n<p>Pero la historia de agravios no es exclusiva del istmo oaxaque\u00f1o. En Morelos a escasas dos horas de la ciudad de M\u00e9xico, la \u00a0comunidad nahua de Tetelpa, est\u00e1 defendiendo al cerro de la Tortuga, ya que corren el riesgo de ser despojados de su territorio ancestral.<\/p>\n<p>Aunque otra de las regiones donde la persecuci\u00f3n, el hostigamiento, la infiltraci\u00f3n, el espionaje, es una constante, se encuentra en la Huasteca y Sierra Oriental.<\/p>\n<p>\u00a0<\/p>\n<p>El 13 de febrero, el Frente Democr\u00e1tico Oriental de M\u00e9xico Emiliano Zapata (FDOMEZ), protest\u00f3 por el citatorio del Ministerio P\u00fablico, a los adolescentes, Fernando Hern\u00e1ndez y Pedro Hern\u00e1ndez, de la comunidad de Tohuaco II.<\/p>\n<p>\u00a0<\/p>\n<p>El Fdomez, estima que la acci\u00f3n judicial, es parte de la criminalizaci\u00f3n de la pobreza, protesta social, como pol\u00edtica de Estado.<\/p>\n<p>\u00a0<\/p>\n<p>La organizaci\u00f3n, integrada en su mayor\u00eda por ind\u00edgenas nahuas y totonacos, hab\u00eda evidenciado el pasado mes de enero, ser objeto de espionaje, al descubrir un campamento militar ex profeso para detectar operativos contra comunidades huastecas.<\/p>\n<p>\u00a0<\/p>\n<p>En un reporte, distribuido por el Frente Democr\u00e1tico Oriental de M\u00e9xico Emiliano Zapata, que tambi\u00e9n es parte del Frente Nacional de Lucha por el Socialismo (FNLS), denuncia de la intensificaci\u00f3n del acoso policiaco-militar por medio de las estructuras de inteligencia del Estado mexicano en contra de pueblos organizados y de manera particular hacia autoridades comunitarias, representantes locales y nacionales de dicha regi\u00f3n.<\/p>\n<p>\u00a0<\/p>\n<p>Los dirigentes huastecos, subrayan ser objeto de infiltraciones del Centro de Investigaci\u00f3n y Seguridad Nacional (CISEN), la agencia de inteligencia de M\u00e9xico, de Servicios Secretos, dependiente de la Secretar\u00eda de Gobernaci\u00f3n adem\u00e1s de la inteligencia militar.<\/p>\n<p>\u00a0<\/p>\n<p>Acusan hostigamiento policiaco en sus actividades pol\u00edticas-organizativas, increment\u00e1ndose, afirman, desde el arribo de Felipe Calder\u00f3n a la presidencia de la Rep\u00fablica.<\/p>\n<p>\u00a0<\/p>\n<p>La organizaci\u00f3n huasteca, menciona que el 2 de Octubre del 2011, \u00a0una partida del ej\u00e9rcito mexicano arribo a Chapopote, Chalma, Veracruz, disparando a una casa. Muy cerca, apuntan, se ubica la Casa Campesina-Popular ubicada en Tecoluco, Calpan, Municipio de Huautla, Hidalgo.<\/p>\n<p>\u00a0<\/p>\n<p>Esta acci\u00f3n, sirvi\u00f3 para justificar el establecimiento de retenes castrenses alrededor de las distintas comunidades afines al Fdomez, adem\u00e1s de que se realizan interrogatorios a los habitantes de esta regi\u00f3n.<\/p>\n<p>\u00a0<\/p>\n<p>En el mes de diciembre, agentes del CISEN pretendieron infiltrarse en un transporte que servir\u00eda para llevar a participantes de un festival pol\u00edtico cultural de la comunidad el Mezquite, a fin de tener de primera mano conversaciones de asistentes a tal evento.<\/p>\n<p>\u00a0<\/p>\n<p>La intimidaci\u00f3n hacia los dirigentes ind\u00edgenas es constante.<\/p>\n<p>\u00a0<\/p>\n<p>El 9 de enero del 2012, se public\u00f3 del presunto fallecimiento de Alejandro Hern\u00e1ndez Dolores.<\/p>\n<p>\u00a0<\/p>\n<p>Alejandro Hern\u00e1ndez Dolores, es identificado por las fuerzas de seguridad mexicano como uno de los principales creadores del Frente Democr\u00e1tico Oriental de M\u00e9xico Emiliano Zapata, desde la d\u00e9cada de los ochentas y al cual los servicios de inteligencia no han podido ubicar, por eso esparcieron el rumor sobre su fallecimiento.<\/p>\n<p>\u00a0<\/p>\n<p>Mediante una conferencia de prensa, el 16 de enero el Fdomez, desminti\u00f3 la versi\u00f3n de la muerte de Hern\u00e1ndez Dolorez e inform\u00f3 que habitantes de las comunidades de Tohuaco II y Tohuaco Amatzintla, descubrieron un campamento militar y paramilitar en la c\u00faspide del cerro Tres Cruces.<\/p>\n<p>\u00a0<\/p>\n<p>El lugar donde se encontraban acantonados las fuerzas castrenses, es un lugar estrat\u00e9gico para vigilar desde ese punto las actividades pol\u00edticas, sociales, culturales y deportivas del Campo M\u00e1rtires Agraristas<\/p>\n<p>\u00a0<\/p>\n<p>El 21 de enero pasado, una comisi\u00f3n de representantes de las comunidades organizadas, el Comit\u00e9 de Derechos Humanos de las Huastecas y Sierra Oriental (CODHHSO), la Red de Los Derechos Humanos acudieron al lugar a constatar la presencia de los militares.<\/p>\n<p>\u00a0<\/p>\n<p>Entre los comisionados estuvieron reporteros de los diarios de las Huastecas, Juan Hern\u00e1ndez, peri\u00f3dico Zu-Noticia, Roberto Meza y Eulalio Ram\u00edrez de la Radio 93.9.<\/p>\n<p>\u00a0<\/p>\n<p>El FDOMEZ, mostr\u00f3, as\u00ed, c\u00f3mo el Estado mexicano a trav\u00e9s de la militarizaci\u00f3n y el impulso de las bandas paramilitares, se cometen cr\u00edmenes de lesa humanidad contra organizaciones disidentes y luchadores sociales.<\/p>\n<p>\u00a0<\/p>\n<p>Con la acci\u00f3n de estos grupos de choque M\u00e9xico, busca evadir su responsabilidad, como ha ocurrido en Acteal y en el Bosque, Chiapas, las masacres en Aguas Blancas y en el Charco en Guerrero, entre otros.<\/p>\n<p>\u00a0<\/p>\n<p><strong>Genaro Bautista \/ AIPIN<\/strong><\/p>\n<p>\u00a0<\/p>\n","protected":false},"excerpt":{"rendered":"<p>Las agresiones y violaciones sistem\u00e1ticas a los derechos humanos, por parte del gobierno federal, van desde intimidaciones, hostigamiento, espionaje, e incluso detenciones arbitrarias, acusan, dirigentes ind\u00edgenas.<\/p>\n","protected":false},"author":2,"featured_media":0,"comment_status":"open","ping_status":"open","sticky":false,"template":"","format":"standard","meta":[],"categories":[3],"tags":[],"_links":{"self":[{"href":"https:\/\/tejidohistorico.afrodescendientes.com\/index.php\/wp-json\/wp\/v2\/posts\/3392"}],"collection":[{"href":"https:\/\/tejidohistorico.afrodescendientes.com\/index.php\/wp-json\/wp\/v2\/posts"}],"about":[{"href":"https:\/\/tejidohistorico.afrodescendientes.com\/index.php\/wp-json\/wp\/v2\/types\/post"}],"author":[{"embeddable":true,"href":"https:\/\/tejidohistorico.afrodescendientes.com\/index.php\/wp-json\/wp\/v2\/users\/2"}],"replies":[{"embeddable":true,"href":"https:\/\/tejidohistorico.afrodescendientes.com\/index.php\/wp-json\/wp\/v2\/comments?post=3392"}],"version-history":[{"count":0,"href":"https:\/\/tejidohistorico.afrodescendientes.com\/index.php\/wp-json\/wp\/v2\/posts\/3392\/revisions"}],"wp:attachment":[{"href":"https:\/\/tejidohistorico.afrodescendientes.com\/index.php\/wp-json\/wp\/v2\/media?parent=3392"}],"wp:term":[{"taxonomy":"category","embeddable":true,"href":"https:\/\/tejidohistorico.afrodescendientes.com\/index.php\/wp-json\/wp\/v2\/categories?post=3392"},{"taxonomy":"post_tag","embeddable":true,"href":"https:\/\/tejidohistorico.afrodescendientes.com\/index.php\/wp-json\/wp\/v2\/tags?post=3392"}],"curies":[{"name":"wp","href":"https:\/\/api.w.org\/{rel}","templated":true}]}}