{"id":3416,"date":"2012-03-01T17:00:13","date_gmt":"2012-03-01T17:00:13","guid":{"rendered":"http:\/\/www2.nasaacin.org\/index.php\/2012\/03\/01\/ipor-que-salio-vivian-morales\/"},"modified":"2012-03-01T17:00:13","modified_gmt":"2012-03-01T17:00:13","slug":"ipor-que-salio-vivian-morales","status":"publish","type":"post","link":"https:\/\/tejidohistorico.afrodescendientes.com\/index.php\/2012\/03\/01\/ipor-que-salio-vivian-morales\/","title":{"rendered":"\u00bfPor qu\u00e9 sali\u00f3 Vivian Morales?"},"content":{"rendered":"<p><p>En la ca\u00edda de la Fiscal General de la Naci\u00f3n, Vivian Morales,\u00a0confluyen hechos pol\u00edticos, jur\u00eddicos, medi\u00e1ticos y de g\u00e9nero, en los\u00a0que claramente se evidencian problemas en la institucionalidad, as\u00ed\u00a0como en las pr\u00e1cticas culturales bajo las cuales asumimos y\u00a0aceptamos el papel de la mujer. Pero tambi\u00e9n es preciso visibilizar la\u00a0intenci\u00f3n del uribismo de tumbarla, buscando con ello torpedear la\u00a0acci\u00f3n de la justicia, a juzgar por el papel que ven\u00eda cumpliendo la\u00a0Fiscal en contra de varios miembros de esa \u2018colectividad\u2019.<\/p><\/p>\n","protected":false},"excerpt":{"rendered":"<p>En la ca\u00edda de la Fiscal General de la Naci\u00f3n, Vivian Morales,\u00a0confluyen hechos pol\u00edticos, jur\u00eddicos, medi\u00e1ticos y de g\u00e9nero, en los\u00a0que claramente se evidencian problemas en la institucionalidad, as\u00ed\u00a0como en las pr\u00e1cticas [&hellip;]<\/p>\n","protected":false},"author":2,"featured_media":0,"comment_status":"open","ping_status":"open","sticky":false,"template":"","format":"standard","meta":[],"categories":[61],"tags":[],"_links":{"self":[{"href":"https:\/\/tejidohistorico.afrodescendientes.com\/index.php\/wp-json\/wp\/v2\/posts\/3416"}],"collection":[{"href":"https:\/\/tejidohistorico.afrodescendientes.com\/index.php\/wp-json\/wp\/v2\/posts"}],"about":[{"href":"https:\/\/tejidohistorico.afrodescendientes.com\/index.php\/wp-json\/wp\/v2\/types\/post"}],"author":[{"embeddable":true,"href":"https:\/\/tejidohistorico.afrodescendientes.com\/index.php\/wp-json\/wp\/v2\/users\/2"}],"replies":[{"embeddable":true,"href":"https:\/\/tejidohistorico.afrodescendientes.com\/index.php\/wp-json\/wp\/v2\/comments?post=3416"}],"version-history":[{"count":0,"href":"https:\/\/tejidohistorico.afrodescendientes.com\/index.php\/wp-json\/wp\/v2\/posts\/3416\/revisions"}],"wp:attachment":[{"href":"https:\/\/tejidohistorico.afrodescendientes.com\/index.php\/wp-json\/wp\/v2\/media?parent=3416"}],"wp:term":[{"taxonomy":"category","embeddable":true,"href":"https:\/\/tejidohistorico.afrodescendientes.com\/index.php\/wp-json\/wp\/v2\/categories?post=3416"},{"taxonomy":"post_tag","embeddable":true,"href":"https:\/\/tejidohistorico.afrodescendientes.com\/index.php\/wp-json\/wp\/v2\/tags?post=3416"}],"curies":[{"name":"wp","href":"https:\/\/api.w.org\/{rel}","templated":true}]}}