{"id":3418,"date":"2012-03-01T20:08:58","date_gmt":"2012-03-01T20:08:58","guid":{"rendered":"http:\/\/www2.nasaacin.org\/index.php\/2012\/03\/01\/convocatoria-de-organizaciones-sociales-de-colombia-a-la-cumbre-de-los-pueblos-en-cartagena\/"},"modified":"2012-03-01T20:08:58","modified_gmt":"2012-03-01T20:08:58","slug":"convocatoria-de-organizaciones-sociales-de-colombia-a-la-cumbre-de-los-pueblos-en-cartagena","status":"publish","type":"post","link":"https:\/\/tejidohistorico.afrodescendientes.com\/index.php\/2012\/03\/01\/convocatoria-de-organizaciones-sociales-de-colombia-a-la-cumbre-de-los-pueblos-en-cartagena\/","title":{"rendered":"Convocatoria de Organizaciones Sociales de Colombia a la \u201cCumbre de los Pueblos en Cartagena\u201d"},"content":{"rendered":"<p><p>Desde hace varios a\u00f1os y por iniciativa de Estados Unidos, bajo la perspectiva de promover sus enfoques capitalistas y globalizantes sobre temas cruciales para su econom\u00eda como el libre mercado y la seguridad hemisf\u00e9rica, implementados en el ALCA, ha conllevado la construcci\u00f3n del escenario \u201cCumbre de las Am\u00e9ricas\u201d con la presencia de 34 pa\u00edses del continente, para este a\u00f1o, entre 14 y 15 de Abril, en la ciudad amurallada de Cartagena, seremos los anfitriones de la VI cumbre bajo el titulo de \u201cConectando las Am\u00e9ricas: Socios para la Prosperidad\u201d.<\/p><\/p>\n","protected":false},"excerpt":{"rendered":"<p>Desde hace varios a\u00f1os y por iniciativa de Estados Unidos, bajo la perspectiva de promover sus enfoques capitalistas y globalizantes sobre temas cruciales para su econom\u00eda como el libre mercado y la [&hellip;]<\/p>\n","protected":false},"author":2,"featured_media":0,"comment_status":"open","ping_status":"open","sticky":false,"template":"","format":"standard","meta":[],"categories":[61],"tags":[],"_links":{"self":[{"href":"https:\/\/tejidohistorico.afrodescendientes.com\/index.php\/wp-json\/wp\/v2\/posts\/3418"}],"collection":[{"href":"https:\/\/tejidohistorico.afrodescendientes.com\/index.php\/wp-json\/wp\/v2\/posts"}],"about":[{"href":"https:\/\/tejidohistorico.afrodescendientes.com\/index.php\/wp-json\/wp\/v2\/types\/post"}],"author":[{"embeddable":true,"href":"https:\/\/tejidohistorico.afrodescendientes.com\/index.php\/wp-json\/wp\/v2\/users\/2"}],"replies":[{"embeddable":true,"href":"https:\/\/tejidohistorico.afrodescendientes.com\/index.php\/wp-json\/wp\/v2\/comments?post=3418"}],"version-history":[{"count":0,"href":"https:\/\/tejidohistorico.afrodescendientes.com\/index.php\/wp-json\/wp\/v2\/posts\/3418\/revisions"}],"wp:attachment":[{"href":"https:\/\/tejidohistorico.afrodescendientes.com\/index.php\/wp-json\/wp\/v2\/media?parent=3418"}],"wp:term":[{"taxonomy":"category","embeddable":true,"href":"https:\/\/tejidohistorico.afrodescendientes.com\/index.php\/wp-json\/wp\/v2\/categories?post=3418"},{"taxonomy":"post_tag","embeddable":true,"href":"https:\/\/tejidohistorico.afrodescendientes.com\/index.php\/wp-json\/wp\/v2\/tags?post=3418"}],"curies":[{"name":"wp","href":"https:\/\/api.w.org\/{rel}","templated":true}]}}