{"id":3422,"date":"2012-03-02T13:35:30","date_gmt":"2012-03-02T13:35:30","guid":{"rendered":"http:\/\/www2.nasaacin.org\/index.php\/2012\/03\/02\/ii-jornada-nacional-por-la-defensa-de-los-territorios\/"},"modified":"2012-03-02T13:35:30","modified_gmt":"2012-03-02T13:35:30","slug":"ii-jornada-nacional-por-la-defensa-de-los-territorios","status":"publish","type":"post","link":"https:\/\/tejidohistorico.afrodescendientes.com\/index.php\/2012\/03\/02\/ii-jornada-nacional-por-la-defensa-de-los-territorios\/","title":{"rendered":"II Jornada Nacional por la Defensa de los Territorios"},"content":{"rendered":"<p>XV D\u00eda de acci\u00f3n internacional de lucha contra las represas y por los r\u00edos, por el agua y por la vida MARZO DE 2012<\/p>\n<p>Un a\u00f1o despu\u00e9s, celebrando el d\u00e9cimo quinto d\u00eda de acci\u00f3n internacional contra represas, durante el mes de marzo, convocamos a la Segunda Jornada Nacional por la Defensa de los Territorios en compa\u00f1\u00eda de un amplio n\u00famero de\u00a0 sectores sociales que se oponen a la mercantilizaci\u00f3n de la vida, de la naturaleza, al despojo y que trabajan por la construcci\u00f3n de alternativas y por la defensa de los derechos humanos, sociales y ambientales.<\/p>\n<p>  <!--more-->  <\/p>\n<p>El a\u00f1o pasado los afectados por represas junto con otros procesos sociales de Colombia que trabajan por la construcci\u00f3n de pr\u00e1cticas alternativas al desarrollo y de una sociedad m\u00e1s justa, convocaron a la Primera Jornada Nacional por la Defensa de los Territorios;\u00a0 logrando movilizar a m\u00e1s de 7500 personas en cuatro departamentos del pa\u00eds y realizar un Foro P\u00fablico en el Senado de la Rep\u00fablica donde, por primera vez, los y las afectadas intentaron establecer un espacio de di\u00e1logo sobre la pol\u00edtica minero energ\u00e9tica con el gobierno nacional.<\/p>\n<p>Un a\u00f1o despu\u00e9s, celebrando el d\u00e9cimo quinto d\u00eda de acci\u00f3n internacional contra represas, durante el mes de marzo, convocamos a la Segunda Jornada Nacional por la Defensa de los Territorios en compa\u00f1\u00eda de un amplio n\u00famero de\u00a0 sectores sociales que se oponen a la mercantilizaci\u00f3n de la vida, de la naturaleza, al despojo y que trabajan por la construcci\u00f3n de alternativas y por la defensa de los derechos humanos, sociales y ambientales.<\/p>\n<p>Cuidamos la madre tierra y nos movilizamos para defenderla en cumplimiento de los mandatos del Congreso de los Pueblos,\u00a0 al tiempo que hacemos un llamado a la articulaci\u00f3n bajo los principios de la solidaridad, la hermandad y la complementariedad, para que los diversos sectores sociales se sumen a las actividades programadas en la agenda de esta Jornada, as\u00ed como para emprender nuevas y diversas acciones por la defensa de los territorios en sus localidades.<\/p>\n<p>As\u00ed mismo, SALUDAMOS la movilizaciones mundiales que se inician el 8 de marzo desde todos los puntos de Ecuador hacia Quito, por el agua, la vida y la dignidad de los pueblos, las actividades en M\u00e9xico Convocadas por el MAPDER, en Brasil por el MAB, as\u00ed como la resistencia de las comunidades en Panam\u00e1, Honduras, el Salvador, Guatemala, Per\u00fa y el resto del mundo. En Colombia un toda nuestra solidaridad y apoyo a las comunidades organizadas en ASOQUIMBO que en su defensa por el territorio y dignidad, llevan m\u00e1s de ocho semanas en minga permanente por salvar el r\u00edo magdalena y para defender los derechos de los y las afectadas del megadesperfecto hidroel\u00e9ctrico El Quimbo, obra de la trasnacional ENDESA-ENEL.<\/p>\n<p><strong>Convocan:<\/strong><\/p>\n<p>Movimiento Colombiano R\u00edos Vivos<br \/>Organizaci\u00f3n de Negros Unidos por los Intereses del R\u00edo Anchicaya &#8211; ONUIRA<br \/>Asociaci\u00f3n de Productores del Oriente Antioque\u00f1o &#8211; ASOPROA<br \/>Asociaci\u00f3n de Productores para el Desarrollo Comunitario de la Ci\u00e9naga Grande del Sin\u00fa, Asprocig<br \/>Asociaci\u00f3n de Afectados por el Proyecto Hidroel\u00e9ctrico del Quimbo, Asoquimbo<br \/>Mesa de Articulaci\u00f3n Social por la Defensa del Territorio: Ituango<br \/>Comit\u00e9 C\u00edvico por la Defensa del Rio Guarin\u00f3<br \/>Consejo Comunitario de la Toma (Su\u00e1rez, Cauca)<br \/>Movimiento Social por la Defensa del R\u00edo Sogamoso<br \/>Movimiento de V\u00edctimas de cr\u00edmenes de Estado &#8211; MOVICE<br \/>Cintur\u00f3n Occidental Ambiental de Antioquia<br \/>Comit\u00e9 Departamental por la Defensa del Agua y de la Vida de Antioquia<br \/>Comit\u00e9 de Defensa del P\u00e1ramo Santurb\u00e1n<br \/>Proceso de Comunidades Negras, PCN<br \/>Coordinador Nacional Agrario, CNA<br \/>Censat Agua Viva &#8211; Amigos de la Tierra Colombia<br \/>Otros Mundos Colombia<br \/>Conservaci\u00f3n Natural Alternativa<\/p>\n<p>\u00a0<\/p>\n<div style=\"color: #222222; font-family: arial, sans-serif; font-size: 13px; line-height: normal; background-color: rgba(255, 255, 255, 0.917969);\">\n<p class=\"MsoNormal\" style=\"margin: 0px;\">\u00a0<\/p>\n<p class=\"MsoNormal\" style=\"margin: 0px;\">S\u00edguenos en\u00a0<a href=\"http:\/\/www.facebook.com\/pages\/R%C3%ADos-Vivos-Colombia\/259507754126383\" target=\"_blank\" style=\"color: #1155cc;\" rel=\"noopener noreferrer\">Facebook<\/a> ingresa y deja all\u00ed tus mensajes y noticias, o en la web\u00a0<a href=\"http:\/\/defensaterritorios.wordpress.com\/\" target=\"_blank\" style=\"color: #1155cc;\" rel=\"noopener noreferrer\">http:\/\/defensaterritorios.wordpress.com<\/a><\/p>\n<\/p><\/div>\n<div style=\"color: #222222; font-family: arial, sans-serif; font-size: 13px; line-height: normal; background-color: rgba(255, 255, 255, 0.917969);\">\n<p class=\"MsoNormal\" style=\"margin: 0px;\">\u00a0<\/p>\n<\/p><\/div>\n<div style=\"color: #222222; font-family: arial, sans-serif; font-size: 13px; line-height: normal; background-color: rgba(255, 255, 255, 0.917969);\">\n<p class=\"MsoNormal\" style=\"margin: 0px;\">Atentamente,<\/p>\n<\/p><\/div>\n<div style=\"color: #222222; font-family: arial, sans-serif; font-size: 13px; line-height: normal; background-color: rgba(255, 255, 255, 0.917969);\">\n<p class=\"MsoNormal\" style=\"margin: 0px;\">\u00a0<\/p>\n<\/p><\/div>\n<div style=\"color: #222222; font-family: arial, sans-serif; font-size: 13px; line-height: normal; background-color: rgba(255, 255, 255, 0.917969);\">\n<p class=\"MsoNormal\" style=\"margin: 0px;\">\u00a0<\/p>\n<\/p><\/div>\n<div style=\"color: #222222; font-family: arial, sans-serif; font-size: 13px; line-height: normal; background-color: rgba(255, 255, 255, 0.917969);\">\n<p class=\"MsoNormal\" style=\"margin: 0px;\"><strong>Movimiento R\u00edos Vivos<\/strong><\/p>\n<\/p><\/div>\n<div style=\"color: #222222; font-family: arial, sans-serif; font-size: 13px; line-height: normal; background-color: rgba(255, 255, 255, 0.917969);\">\n<p class=\"MsoNormal\" style=\"margin: 0px;\">\u00a0<\/p>\n<\/p><\/div>\n<div style=\"color: #222222; font-family: arial, sans-serif; font-size: 13px; line-height: normal; background-color: rgba(255, 255, 255, 0.917969);\">\n<p class=\"MsoNormal\" style=\"margin: 0px;\"><a href=\"mailto:riosvivoscolombia@gmail.com\" target=\"_blank\" style=\"color: #1155cc;\" rel=\"noopener noreferrer\">riosvivoscolombia@gmail.com<\/a><\/p>\n<\/p><\/div>\n<p>\u00a0<\/p>\n","protected":false},"excerpt":{"rendered":"<p>XV D\u00eda de acci\u00f3n internacional de lucha contra las represas y por los r\u00edos, por el agua y por la vida MARZO DE 2012 Un a\u00f1o despu\u00e9s, celebrando el d\u00e9cimo quinto d\u00eda [&hellip;]<\/p>\n","protected":false},"author":1,"featured_media":0,"comment_status":"open","ping_status":"open","sticky":false,"template":"","format":"standard","meta":[],"categories":[73],"tags":[],"_links":{"self":[{"href":"https:\/\/tejidohistorico.afrodescendientes.com\/index.php\/wp-json\/wp\/v2\/posts\/3422"}],"collection":[{"href":"https:\/\/tejidohistorico.afrodescendientes.com\/index.php\/wp-json\/wp\/v2\/posts"}],"about":[{"href":"https:\/\/tejidohistorico.afrodescendientes.com\/index.php\/wp-json\/wp\/v2\/types\/post"}],"author":[{"embeddable":true,"href":"https:\/\/tejidohistorico.afrodescendientes.com\/index.php\/wp-json\/wp\/v2\/users\/1"}],"replies":[{"embeddable":true,"href":"https:\/\/tejidohistorico.afrodescendientes.com\/index.php\/wp-json\/wp\/v2\/comments?post=3422"}],"version-history":[{"count":0,"href":"https:\/\/tejidohistorico.afrodescendientes.com\/index.php\/wp-json\/wp\/v2\/posts\/3422\/revisions"}],"wp:attachment":[{"href":"https:\/\/tejidohistorico.afrodescendientes.com\/index.php\/wp-json\/wp\/v2\/media?parent=3422"}],"wp:term":[{"taxonomy":"category","embeddable":true,"href":"https:\/\/tejidohistorico.afrodescendientes.com\/index.php\/wp-json\/wp\/v2\/categories?post=3422"},{"taxonomy":"post_tag","embeddable":true,"href":"https:\/\/tejidohistorico.afrodescendientes.com\/index.php\/wp-json\/wp\/v2\/tags?post=3422"}],"curies":[{"name":"wp","href":"https:\/\/api.w.org\/{rel}","templated":true}]}}