{"id":3425,"date":"2012-03-02T16:50:33","date_gmt":"2012-03-02T16:50:33","guid":{"rendered":"http:\/\/www2.nasaacin.org\/index.php\/2012\/03\/02\/comunicado-de-prensa\/"},"modified":"2012-03-02T16:50:33","modified_gmt":"2012-03-02T16:50:33","slug":"comunicado-de-prensa","status":"publish","type":"post","link":"https:\/\/tejidohistorico.afrodescendientes.com\/index.php\/2012\/03\/02\/comunicado-de-prensa\/","title":{"rendered":"Comunicado de prensa"},"content":{"rendered":"<p>Rechazamos nueva amenaza de las \u00c1guilas Negras contra la Ruta Pac\u00edfica de las Mujeres y otras organizaciones.<\/p>\n<p>Bogot\u00e1, 1 de marzo de 2012. \u00a0La Ruta Pac\u00edfica de las Mujeres, rechaza y exige investigaci\u00f3n sobre la amenaza de la que nuevamente ha sido objeto por parte del grupo autodenominado \u201c\u00c1guilas Negras \u2013 Bloque Capital D.C\u201d, la cual fue recibida directamente en nuestra sede, en un \u00a0sobre abierto y sin marcar, el martes 28 de febrero de 2012.<\/p>\n<p>  <!--more-->  <\/p>\n<p>\u00a0<\/p>\n<p>\u00a0<\/p>\n<p><span style=\"font-family: Arial, Helvetica, sans-serif; font-size: 14px;\">COMUNICADO DE PRENSA\u00a0No. 2 _ 2012<\/span><\/p>\n<p>En el panfleto se nombran directamente a 12 Mujeres y 2 hombres<\/p>\n<p>Rechazamos nueva amenaza de las \u00c1guilas Negras contra la Ruta Pac\u00edfica de las Mujeres y otras organizaciones<\/p>\n<p>\u00b7 \u00a0 \u00a0 \u00a0 Exigimos garant\u00edas para \u00a0continuar nuestro trabajo por los derechos humanos de las mujeres.<\/p>\n<p>\u00b7 \u00a0 \u00a0 \u00a0 Exigimos atenci\u00f3n e investigaci\u00f3n de las autoridades colombianas frente a estas amenazas.<\/p>\n<p>\u00a0<\/p>\n<p>Bogot\u00e1, 1 de marzo de 2012. \u00a0La Ruta Pac\u00edfica de las Mujeres, rechaza y exige investigaci\u00f3n sobre la amenaza de la que nuevamente ha sido objeto por parte del grupo autodenominado \u201c\u00c1guilas Negras \u2013 Bloque Capital D.C\u201d, la cual fue recibida directamente en nuestra sede, en un \u00a0sobre abierto y sin marcar, el martes 28 de febrero de 2012.<\/p>\n<p>\u00a0<\/p>\n<p>Parece ir\u00f3nico que casi al \u00a0mismo tiempo de que se estaba entregando el Informe de la Alta Comisionada de las Naciones Unidas para los Derechos Humanos sobre la situaci\u00f3n de los derechos humanos en Colombia, donde se se\u00f1ala que \u201c\u2026 ha observado que el riesgo y vulnerabilidad de lideresas y l\u00edderes en procesos de restituci\u00f3n de tierras son extremadamente altos, habida cuenta de los intereses criminales en los predios objeto de restituci\u00f3n\u2026\u201d estemos recibiendo estas amenazas, en donde adem\u00e1s de la Ruta aparecen \u00a0organizaciones \u00a0feministas como la Casa de la Mujer y Sisma, y otras organizaciones mixtas; adem\u00e1s, se amenaza directamente a 15 personas, entre las que est\u00e1n 12 mujeres una de ellas la Delegada para los derechos de la ni\u00f1ez, la juventud y las mujeres de la Defensor\u00eda del Pueblo.<\/p>\n<p>\u00a0<\/p>\n<p>El panfleto est\u00e1 claramente dirigido a mujeres defensoras de derechos humanos que est\u00e1n \u00a0trabajando en \u00a0temas de restituci\u00f3n de tierras, ya que en \u00e9l se lee: \u201c\u2026 dejen de joder con el tema de recuperaci\u00f3n de tierras porque todo el que haga esta gesti\u00f3n va a ser asesinado por nosotros por m\u00e1s protegidas que est\u00e9n y les damos 30 d\u00edas para abandonar la ciudad\u201d.<\/p>\n<p>\u00a0<\/p>\n<p>Nos unimos al llamado que hace la Oficina del Alto Comisionado de D.H. en Colombia en \u00a0reiterar \u00a0\u201cla necesidad de adoptar medidas integrales de protecci\u00f3n que incluyan s\u00f3lidos an\u00e1lisis de riesgo, en los que puedan participar las v\u00edctimas\u2026\u201d y adem\u00e1s en que \u201clas medidas de protecci\u00f3n deber\u00edan mejorarse, por ejemplo, incluyendo en la pr\u00e1ctica un enfoque diferencial y de g\u00e9nero, as\u00ed como fortaleciendo las instituciones locales competentes\u201d.<\/p>\n<p>\u00a0<\/p>\n<p>Hacemos un llamado a las organizaciones defensoras de derechos humanos, a los partidos pol\u00edticos, a la comunidad internacional y a los medios de comunicaci\u00f3n regional, nacional e internacional para que la presi\u00f3n social y pol\u00edtica contribuya a evidenciar, rechazar y sancionar estos hechos; y garanticemos entre todas y todos la exigibilidad de los derechos a la Verdad, la Justicia y la Reparaci\u00f3n como una demanda frente a las violencias hist\u00f3ricas de las que han sido v\u00edctimas las mujeres en Colombia.<\/p>\n<p>\u00a0<\/p>\n<p>\u00a0<\/p>\n<p><strong>RUTA PAC\u00cdFICA DE LAS MUJERES<\/strong><\/p>\n","protected":false},"excerpt":{"rendered":"<p>Rechazamos nueva amenaza de las \u00c1guilas Negras contra la Ruta Pac\u00edfica de las Mujeres y otras organizaciones. Bogot\u00e1, 1 de marzo de 2012. \u00a0La Ruta Pac\u00edfica de las Mujeres, rechaza y exige [&hellip;]<\/p>\n","protected":false},"author":2,"featured_media":0,"comment_status":"open","ping_status":"open","sticky":false,"template":"","format":"standard","meta":[],"categories":[73],"tags":[],"_links":{"self":[{"href":"https:\/\/tejidohistorico.afrodescendientes.com\/index.php\/wp-json\/wp\/v2\/posts\/3425"}],"collection":[{"href":"https:\/\/tejidohistorico.afrodescendientes.com\/index.php\/wp-json\/wp\/v2\/posts"}],"about":[{"href":"https:\/\/tejidohistorico.afrodescendientes.com\/index.php\/wp-json\/wp\/v2\/types\/post"}],"author":[{"embeddable":true,"href":"https:\/\/tejidohistorico.afrodescendientes.com\/index.php\/wp-json\/wp\/v2\/users\/2"}],"replies":[{"embeddable":true,"href":"https:\/\/tejidohistorico.afrodescendientes.com\/index.php\/wp-json\/wp\/v2\/comments?post=3425"}],"version-history":[{"count":0,"href":"https:\/\/tejidohistorico.afrodescendientes.com\/index.php\/wp-json\/wp\/v2\/posts\/3425\/revisions"}],"wp:attachment":[{"href":"https:\/\/tejidohistorico.afrodescendientes.com\/index.php\/wp-json\/wp\/v2\/media?parent=3425"}],"wp:term":[{"taxonomy":"category","embeddable":true,"href":"https:\/\/tejidohistorico.afrodescendientes.com\/index.php\/wp-json\/wp\/v2\/categories?post=3425"},{"taxonomy":"post_tag","embeddable":true,"href":"https:\/\/tejidohistorico.afrodescendientes.com\/index.php\/wp-json\/wp\/v2\/tags?post=3425"}],"curies":[{"name":"wp","href":"https:\/\/api.w.org\/{rel}","templated":true}]}}