{"id":3429,"date":"2012-03-03T15:41:06","date_gmt":"2012-03-03T15:41:06","guid":{"rendered":"http:\/\/www2.nasaacin.org\/index.php\/2012\/03\/03\/santurban-o-hasta-donde-debe-llegar-la-mineria\/"},"modified":"2012-03-03T15:41:06","modified_gmt":"2012-03-03T15:41:06","slug":"santurban-o-hasta-donde-debe-llegar-la-mineria","status":"publish","type":"post","link":"https:\/\/tejidohistorico.afrodescendientes.com\/index.php\/2012\/03\/03\/santurban-o-hasta-donde-debe-llegar-la-mineria\/","title":{"rendered":"Santurb\u00e1n o hasta d\u00f3nde debe llegar la miner\u00eda"},"content":{"rendered":"<p>El ministro de Minas, Mauricio C\u00e1rdenas Santamar\u00eda, sali\u00f3 al paso de los se\u00f1alamientos de que se otorgaron t\u00edtulos mineros en zonas protegidas, particularmente en lo ateniente al p\u00e1ramo de Santurb\u00e1n. El problema: esas \u00e1reas siguen sin delimitarse.<\/p>\n<p>  <!--more-->  <\/p>\n<p>\u00a0<\/p>\n<p>Esta semana se escribi\u00f3 un nuevo cap\u00edtulo acerca de la pol\u00e9mica por la expedici\u00f3n de t\u00edtulos mineros en el p\u00e1ramo de Santurb\u00e1n, meses despu\u00e9s de la lucha que dieron las gentes de los Santanderes para detener proyecto aur\u00edfero de la firma GreyStar Resources, al considerarlo lesivo para el medio ambiente y riesgoso para el aprovisionamiento de agua de la regi\u00f3n.<\/p>\n<p>Tras conocerse se\u00f1alamientos de que el Gobierno se otorg\u00f3 el derecho de explorar y explotar \u00e1reas de exclusi\u00f3n ambiental en Santurb\u00e1n a la firma Leythan Colombia, el ministro de Minas y Energ\u00eda, Mauricio C\u00e1rdenas Santamar\u00eda, manifest\u00f3 el viernes en la noche que la operaci\u00f3n de minas en zonas de p\u00e1ramo &#8220;no van a ser autorizadas en el gobierno del presidente Juan Manuel Santos&#8221;.<\/p>\n<p>Durante un programa de televisi\u00f3n emitido en el canal Institucional, acerca las \u00e1reas estrat\u00e9gicas mineras, C\u00e1rdenas reiter\u00f3 que &#8220;donde hay p\u00e1ramo no habr\u00e1 miner\u00eda&#8221; y que de esa posici\u00f3n &#8220;no se va a mover&#8221; el Gobierno Nacional, que tiene a la actividad minera como una de sus &#8216;locomotoras&#8217; para el desarrollo.<\/p>\n<p>Y pese a que se logr\u00f3 -de momento- detener el proyecto de GreyStar (que cambi\u00f3 su nombre a Eco Oro Minerals Corporation para presentar un nuevo planteamiento) la nuez de la pol\u00e9mica contin\u00faa: oficialmente -respecto de la miner\u00eda- no se han delimitado por parte las autoridades ambientales regionales cu\u00e1les son las \u00e1reas de p\u00e1ramo.<\/p>\n<p>&#8220;Tenemos que definir, de manera cierta, d\u00f3nde van los l\u00edmites de los p\u00e1ramos y, si hay posibilidad de hacer miner\u00eda, d\u00f3nde se puede hacer&#8221;, reconoci\u00f3 C\u00e1rdenas Santamar\u00eda. &#8220;El Gobierno es categ\u00f3rico, donde se defina cient\u00edficamente (que hay p\u00e1ramo), all\u00ed no habr\u00e1 miner\u00eda&#8221;, reiter\u00f3.<\/p>\n<p>El jueves, la Contralor\u00eda Delegada para Medio Ambiente emiti\u00f3 un control de advertencia con destino al Ministerio del Medio Ambiente, la Corporaci\u00f3n Aut\u00f3noma de Norte de Santander (Corponor) y la Corporaci\u00f3n Aut\u00f3noma Regional para la Defensa de la Meseta de Bucaramanga (CDMB).<\/p>\n<p>All\u00ed, el ente de control advirti\u00f3 &#8220;sobre los riesgos que a nivel ambiental se pueden presentar por la inscripci\u00f3n en el Registro Minero y consecuente ejecuci\u00f3n del contrato de concesi\u00f3n suscrito con la empresa Leyhat Colombia Sucursal S.A., el cual contiene t\u00edtulos que se superponen totalmente con el \u00e1rea del p\u00e1ramo de Santurb\u00e1n&#8221;.<br \/><strong><br \/>La acusaci\u00f3n<\/strong><\/p>\n<p>Seg\u00fan el portal &#8216;Negocios y Movidas&#8217; el antiguo Ingeominas otorg\u00f3 una concesi\u00f3n por 20 a\u00f1os para explotar oro en el p\u00e1ramo de Santurb\u00e1n a la firma Leythan Colombia, mientras &#8220;en medio de una gran controversia medi\u00e1tica, el Gobierno le negaba (esa misma actividad) a la compa\u00f1\u00eda GreyStar&#8221;.<\/p>\n<p>La nota afirm\u00f3 que el permiso fue avalado por el exdirector de esa entidad oficial, Dar\u00edo Ballesteros, &#8220;quien antes de dejar el cargo le concedi\u00f3 a dicha compa\u00f1\u00eda un periodo de explotaci\u00f3n de 20 a\u00f1os y seis meses en un sector de 24 hect\u00e1reas y 5.893 metros cuadrados, en jurisdicci\u00f3n del municipio de Vetas, Santander, donde est\u00e1 ubicado este p\u00e1ramo protegido&#8221;.<\/p>\n<p>As\u00ed mismo, asegur\u00f3 que &#8220;dicho contrato de concesi\u00f3n ya fue inscrito por Ingeominas en el Registro Nacional Minero&#8221;. Si a ello se suma que esa empresa contar\u00eda ya con el permiso ambiental correspondiente, Leythan Colombia tendr\u00eda luz verde para iniciar actividades mineras en la zona.<\/p>\n<p>&#8220;Una de las razones por las cuales Ingeominas tuvo que acceder a efectuar dicho registro, el cual fue avalado por el ministerio de Minas, es que las \u00e1reas que son objeto de exclusi\u00f3n para la explotaci\u00f3n minera en el p\u00e1ramo de Santurb\u00e1n a\u00fan no est\u00e1n geogr\u00e1ficamente delimitadas por las autoridades ambientales&#8221;, puntualiz\u00f3.<\/p>\n<p><strong>Delimitaci\u00f3n<\/strong><\/p>\n<p>No obstante, seg\u00fan cit\u00f3 la Contralor\u00eda en su advertencia, la Corte Constitucional en la sentencia C-339 de 2002 expres\u00f3 que &#8220;en caso de presentarse una falta de certeza cient\u00edfica absoluta frente a las exploraci\u00f3n o explotaci\u00f3n minera de una zona determinada; la decisi\u00f3n debe inclinarse hacia la protecci\u00f3n del medio ambiente&#8221;.<\/p>\n<p>De hecho, las zonas de exclusi\u00f3n minera en p\u00e1ramos ya se conocen gracias al trabajo especializado del Instituto de Investigaci\u00f3n Alexander von Humboldt, pero habr\u00e1 espacio para la pol\u00e9mica mientras no sean delimitadas por las autoridades ambientales locales con base en estudios t\u00e9cnicos, sociales y ambientales.<\/p>\n<p>Corponor dijo que, en cuanto a su jurisdicci\u00f3n en Norte de Santander, el p\u00e1ramo est\u00e1 &#8220;blindado&#8221;. Afirm\u00f3 que el a\u00f1o pasado envi\u00f3 al ministerio de Minas el documento t\u00e9cnico para definir legalmente las \u00e1reas que considera deben ser excluidas de la miner\u00eda para que las autoridades mineras las incorporen en su sistema y se abstengan de otorgar licencias para la exploraci\u00f3n y explotaci\u00f3n.<\/p>\n<p>Indic\u00f3, de igual forma, que trabaja en la propuesta de declaratoria de una nueva \u00e1rea protegida en el p\u00e1ramo de Santurb\u00e1n en un \u00e1rea de 68.000 hect\u00e1reas en jurisdicci\u00f3n de los municipios de Mutiscua, Pamplona, Cucutilla, Arboledas, Salazar, Villacaro y C\u00e1chira, &#8220;para lo cual ya se desarrollaron los estudios t\u00e9cnicos que sustentan la declaratoria y se avanza en el proceso de socializaci\u00f3n&#8221;.<\/p>\n<p>Por su parte la CDMB, en su informe de gesti\u00f3n de 2011 manifest\u00f3 que desarroll\u00f3 un diagn\u00f3stico del estado actual del p\u00e1ramo de Santurb\u00e1n en Santander y que se avanz\u00f3 en visitas t\u00e9cnicas de evaluaci\u00f3n de algunos predios.<\/p>\n<p>&#8220;Adicionalmente se solicit\u00f3 en el mes de diciembre concepto al Ministerio de Minas y Energ\u00eda, en el cual se manifest\u00f3 que toda \u00e1rea protegida debe ser conciliada con los actores inmersos&#8221;, se\u00f1al\u00f3 el texto publicado en febrero pasado.<\/p>\n<p>\u00a0<\/p>\n<p>http:\/\/www.semana.com\/nacion\/santurban-hasta-donde-debe-llegar-mineria\/173144-3.aspx<\/p>\n","protected":false},"excerpt":{"rendered":"<p>El ministro de Minas, Mauricio C\u00e1rdenas Santamar\u00eda, sali\u00f3 al paso de los se\u00f1alamientos de que se otorgaron t\u00edtulos mineros en zonas protegidas, particularmente en lo ateniente al p\u00e1ramo de Santurb\u00e1n. El problema: [&hellip;]<\/p>\n","protected":false},"author":1,"featured_media":0,"comment_status":"open","ping_status":"open","sticky":false,"template":"","format":"standard","meta":[],"categories":[75],"tags":[],"_links":{"self":[{"href":"https:\/\/tejidohistorico.afrodescendientes.com\/index.php\/wp-json\/wp\/v2\/posts\/3429"}],"collection":[{"href":"https:\/\/tejidohistorico.afrodescendientes.com\/index.php\/wp-json\/wp\/v2\/posts"}],"about":[{"href":"https:\/\/tejidohistorico.afrodescendientes.com\/index.php\/wp-json\/wp\/v2\/types\/post"}],"author":[{"embeddable":true,"href":"https:\/\/tejidohistorico.afrodescendientes.com\/index.php\/wp-json\/wp\/v2\/users\/1"}],"replies":[{"embeddable":true,"href":"https:\/\/tejidohistorico.afrodescendientes.com\/index.php\/wp-json\/wp\/v2\/comments?post=3429"}],"version-history":[{"count":0,"href":"https:\/\/tejidohistorico.afrodescendientes.com\/index.php\/wp-json\/wp\/v2\/posts\/3429\/revisions"}],"wp:attachment":[{"href":"https:\/\/tejidohistorico.afrodescendientes.com\/index.php\/wp-json\/wp\/v2\/media?parent=3429"}],"wp:term":[{"taxonomy":"category","embeddable":true,"href":"https:\/\/tejidohistorico.afrodescendientes.com\/index.php\/wp-json\/wp\/v2\/categories?post=3429"},{"taxonomy":"post_tag","embeddable":true,"href":"https:\/\/tejidohistorico.afrodescendientes.com\/index.php\/wp-json\/wp\/v2\/tags?post=3429"}],"curies":[{"name":"wp","href":"https:\/\/api.w.org\/{rel}","templated":true}]}}