{"id":3431,"date":"2012-03-03T21:29:21","date_gmt":"2012-03-03T21:29:21","guid":{"rendered":"http:\/\/www2.nasaacin.org\/index.php\/2012\/03\/03\/ecuador-dos-marchas-diferentes-se-alistan-para-el-8-de-marzo\/"},"modified":"2012-03-03T21:29:21","modified_gmt":"2012-03-03T21:29:21","slug":"ecuador-dos-marchas-diferentes-se-alistan-para-el-8-de-marzo","status":"publish","type":"post","link":"https:\/\/tejidohistorico.afrodescendientes.com\/index.php\/2012\/03\/03\/ecuador-dos-marchas-diferentes-se-alistan-para-el-8-de-marzo\/","title":{"rendered":"Ecuador: Dos marchas diferentes se alistan para el 8 de marzo"},"content":{"rendered":"<p><p \/>El Gobierno y la Oposici\u00f3n se alistan para marchar el 8 de marzo.\u00a0Hace varios d\u00edas, la Coordinadora Nacional Pluricultural, anunci\u00f3 la realizaci\u00f3n de una movilizaci\u00f3n por la lucha social y el respeto a los Derechos Humanos Sin embargo, el Gobierno Nacional, no se quedar\u00e1 atr\u00e1s.\u00a0  <!--more-->  <\/p>\n<p>\u00a0<\/p>\n<p>Ellos plantean una marcha por el d\u00eda de la mujer, el mismo d\u00eda. En Imbabura, los dos sectores tienen listo la programaci\u00f3n para las movilizaciones.<\/p>\n<p>\u00a0<\/p>\n<p>Diego Soto, presidente provincial del Frente Popular, dijo que hoy se realizar\u00e1 una rueda de prensa en la Uni\u00f3n Nacional de Educadores de Imbabura, para dar a conocer los detalles de la marcha que se realizar\u00e1 a nivel nacional. No entreg\u00f3 mayores detalles.<\/p>\n<p>\u00a0<\/p>\n<p>Sin embargo, se\u00f1al\u00f3 que el evento se realiza por la defensa del agua, de la vida, la libertad de expresi\u00f3n y los derechos humanos. Movimientos Ind\u00edgenas, Movimientos Sociales, Organizaciones y otros sectores estar\u00e1n presentes.<\/p>\n<p>\u00a0<\/p>\n<p>Gabriela Rivadeneira, gobernadora de Imbabura, dijo que el 8 de marzo, se realizar\u00e1 un evento en el que millones de personas que apoyan al proyecto pol\u00edtico del Gobierno, saldr\u00e1n a las calles a respaldar al presidente Rafael Correa. Resalt\u00f3 que las concentraciones y movilizaciones fueron el constante del Estado en los cinco a\u00f1os de gesti\u00f3n.<\/p>\n<p>\u00a0<\/p>\n<p>A la marcha se convocaron a mujeres l\u00edderes, madres y padres que se han ganado un rol en la sociedad. \u201cYo no le veo como una contramarcha, estamos tratando de con caer en las provocaciones de la oposici\u00f3n, no se trata de medir fuerzas\u201d, expres\u00f3.<\/p>\n<p>\u00a0<\/p>\n<p><strong>Concentraci\u00f3n por la mujer<\/strong><\/p>\n<p>\u00a0<\/p>\n<p>\u201cEstamos organizando un homenaje a la mujer, una movilizaci\u00f3n, porque consideramos que la mujer es la parte fundamental de nuestra patria\u201d, as\u00ed lo inform\u00f3 Diego Garc\u00eda, prefecto de Imbabura.<\/p>\n<p>\u00a0<\/p>\n<p>De la provincia, saldr\u00e1 una caravana de alrededor de 10 buses que viajar\u00e1n hasta la ciudad de Quito a reunirse con otras delegaciones de todo el pa\u00eds.<\/p>\n<p>\u00a0<\/p>\n<p>La invitaci\u00f3n se realiz\u00f3 a organizaciones y grupos de mujeres organizadas. Recalc\u00f3 que no es una contramarcha y se\u00f1al\u00f3 que todos est\u00e1n en la libertad de manifestarse.<\/p>\n<p>\u00a0<\/p>\n<p><strong>Lucha por la democracia<\/strong><\/p>\n<p>\u00a0<\/p>\n<p>Fausto Giraldo, actor pol\u00edtico, dijo que la jornada se realiza en vista de hay un Gobierno que atenta con las garant\u00edas de la libertad de expresi\u00f3n, organizaci\u00f3n, criminalizaci\u00f3n de la lucha social e irrespeta los planteamiento ciudadanos.<\/p>\n<p>\u00a0<\/p>\n<p>A la actividad se unir\u00e1 el sector ind\u00edgena, estudiantes, obreros, campesino y maestros, mujeres, comerciantes, amas de casa y pueblos.<\/p>\n<p>\u00a0<\/p>\n<p>DATO. En enero se realizaron dos marchas del Gobierno Nacional. La primera para celebrar los cinco a\u00f1os de la Revoluci\u00f3n Ciudadana y la otra por la muerte de Eloy Alfaro.<\/p>\n<div>IBARRA.<\/div>\n<div><a href=\"http:\/\/www.lahora.com.ec\/index.php\/noticias\/show\/1101291259\/-1\/Dos_marchas_diferentes_se_alistan_para_el_8_de_marzo.html\">http:\/\/www.lahora.com.ec\/index.php\/noticias\/show\/1101291259\/-1\/Dos_marchas_diferentes_se_alistan_para_el_8_de_marzo.html<\/a><\/div><\/p>\n","protected":false},"excerpt":{"rendered":"<p>El Gobierno y la Oposici\u00f3n se alistan para marchar el 8 de marzo.\u00a0Hace varios d\u00edas, la Coordinadora Nacional Pluricultural, anunci\u00f3 la realizaci\u00f3n de una movilizaci\u00f3n por la lucha social y el respeto [&hellip;]<\/p>\n","protected":false},"author":2,"featured_media":0,"comment_status":"open","ping_status":"open","sticky":false,"template":"","format":"standard","meta":[],"categories":[3],"tags":[],"_links":{"self":[{"href":"https:\/\/tejidohistorico.afrodescendientes.com\/index.php\/wp-json\/wp\/v2\/posts\/3431"}],"collection":[{"href":"https:\/\/tejidohistorico.afrodescendientes.com\/index.php\/wp-json\/wp\/v2\/posts"}],"about":[{"href":"https:\/\/tejidohistorico.afrodescendientes.com\/index.php\/wp-json\/wp\/v2\/types\/post"}],"author":[{"embeddable":true,"href":"https:\/\/tejidohistorico.afrodescendientes.com\/index.php\/wp-json\/wp\/v2\/users\/2"}],"replies":[{"embeddable":true,"href":"https:\/\/tejidohistorico.afrodescendientes.com\/index.php\/wp-json\/wp\/v2\/comments?post=3431"}],"version-history":[{"count":0,"href":"https:\/\/tejidohistorico.afrodescendientes.com\/index.php\/wp-json\/wp\/v2\/posts\/3431\/revisions"}],"wp:attachment":[{"href":"https:\/\/tejidohistorico.afrodescendientes.com\/index.php\/wp-json\/wp\/v2\/media?parent=3431"}],"wp:term":[{"taxonomy":"category","embeddable":true,"href":"https:\/\/tejidohistorico.afrodescendientes.com\/index.php\/wp-json\/wp\/v2\/categories?post=3431"},{"taxonomy":"post_tag","embeddable":true,"href":"https:\/\/tejidohistorico.afrodescendientes.com\/index.php\/wp-json\/wp\/v2\/tags?post=3431"}],"curies":[{"name":"wp","href":"https:\/\/api.w.org\/{rel}","templated":true}]}}