{"id":3433,"date":"2012-03-03T21:56:50","date_gmt":"2012-03-03T21:56:50","guid":{"rendered":"http:\/\/www2.nasaacin.org\/index.php\/2012\/03\/03\/audio-voz-de-los-movimientos\/"},"modified":"2012-03-03T21:56:50","modified_gmt":"2012-03-03T21:56:50","slug":"audio-voz-de-los-movimientos","status":"publish","type":"post","link":"https:\/\/tejidohistorico.afrodescendientes.com\/index.php\/2012\/03\/03\/audio-voz-de-los-movimientos\/","title":{"rendered":"Audio: Voz de los movimientos"},"content":{"rendered":"<p \/>\n<p \/>Minga Informativa de Movimientos Sociales.\u00a0No. 74: especial 8 marzo  <!--more-->  <\/p>\n<p>\u00a0<\/p>\n<p>&#8212;&#8212;&#8212;&#8212;&#8212;&#8212;&#8212;&#8212;&#8212;&#8212;&#8212;&#8212;&#8212;&#8212;&#8212;<\/p>\n<p>AUDIO: Voz de los Movimientos<\/p>\n<p>\u00a0<\/p>\n<p>\u00a0<\/p>\n<p>(02\/03\/2012) &#8211; En este 8 de marzo de 2012, la Marcha Mundial de las Mujeres (MMM) estar\u00e1 en las calles de todo el mundo para resistir y construir un mundo donde mujeres y hombres vivan en harmon\u00eda consigo mismos y con la naturaleza.<\/p>\n<p>\u00a0<\/p>\n<p>&#8211; Leoncea Sol\u00f3rzano, coordinadora de la comisi\u00f3n de mujeres de la CLOC V\u00eda Campesina Centroam\u00e9rica, habla de la Campa\u00f1a por el acceso, uso y tenencia de la tierra para las mujeres, que se lanzar\u00e1 este 8 de marzo.<\/p>\n<p>\u00a0<\/p>\n<p>&#8211; V\u00eda Campesina Centroam\u00e9rica, hizo un llamado, el pasado 27 de febrero, a confirmar una alianza para enfrentar los alarmantes niveles de hambre y pobreza en la regi\u00f3n.<\/p>\n<p>\u00a0<\/p>\n<p>&#8211; En Panam\u00e1, el di\u00e1logo con los ind\u00edgenas Ng\u00e4be-Bugl\u00e9 sobre conflictos mineros e hidroel\u00e9ctricos est\u00e1 a punto de romperse, porque el gobierno no cede a las demandas.<\/p>\n<p>\u00a0<\/p>\n<p>&#8211; La Coordinadora Nacional Agrario de Colombia acaba de cumplir 15 a\u00f1os. El dirigente Germ\u00e1n Bedoya habla de su organizaci\u00f3n y de la compleja situaci\u00f3n del campo colombiano.<\/p>\n<p>\u00a0<\/p>\n<p>Duraci\u00f3n: 18:43 min.<\/p>\n<p>**************<\/p>\n<p>\u00a0<\/p>\n<p>Ud. puede escuchar este programa en l\u00ednea:<a href=\"http:\/\/www.radioteca.net\/result.php?id=13030190\" target=\"_blank\" rel=\"noopener noreferrer\"> http:\/\/www.radioteca.net\/result.php?id=13030190<\/a><\/p><\/p>\n","protected":false},"excerpt":{"rendered":"<p>Minga Informativa de Movimientos Sociales.\u00a0No. 74: especial 8 marzo<\/p>\n","protected":false},"author":2,"featured_media":0,"comment_status":"open","ping_status":"open","sticky":false,"template":"","format":"standard","meta":[],"categories":[3],"tags":[],"_links":{"self":[{"href":"https:\/\/tejidohistorico.afrodescendientes.com\/index.php\/wp-json\/wp\/v2\/posts\/3433"}],"collection":[{"href":"https:\/\/tejidohistorico.afrodescendientes.com\/index.php\/wp-json\/wp\/v2\/posts"}],"about":[{"href":"https:\/\/tejidohistorico.afrodescendientes.com\/index.php\/wp-json\/wp\/v2\/types\/post"}],"author":[{"embeddable":true,"href":"https:\/\/tejidohistorico.afrodescendientes.com\/index.php\/wp-json\/wp\/v2\/users\/2"}],"replies":[{"embeddable":true,"href":"https:\/\/tejidohistorico.afrodescendientes.com\/index.php\/wp-json\/wp\/v2\/comments?post=3433"}],"version-history":[{"count":0,"href":"https:\/\/tejidohistorico.afrodescendientes.com\/index.php\/wp-json\/wp\/v2\/posts\/3433\/revisions"}],"wp:attachment":[{"href":"https:\/\/tejidohistorico.afrodescendientes.com\/index.php\/wp-json\/wp\/v2\/media?parent=3433"}],"wp:term":[{"taxonomy":"category","embeddable":true,"href":"https:\/\/tejidohistorico.afrodescendientes.com\/index.php\/wp-json\/wp\/v2\/categories?post=3433"},{"taxonomy":"post_tag","embeddable":true,"href":"https:\/\/tejidohistorico.afrodescendientes.com\/index.php\/wp-json\/wp\/v2\/tags?post=3433"}],"curies":[{"name":"wp","href":"https:\/\/api.w.org\/{rel}","templated":true}]}}