{"id":3435,"date":"2012-03-03T22:10:47","date_gmt":"2012-03-03T22:10:47","guid":{"rendered":"http:\/\/www2.nasaacin.org\/index.php\/2012\/03\/03\/en-riesgo-liliany-patricia-obando-villota-defensora-de-ddhh-y-su-familia\/"},"modified":"2012-03-03T22:10:47","modified_gmt":"2012-03-03T22:10:47","slug":"en-riesgo-liliany-patricia-obando-villota-defensora-de-ddhh-y-su-familia","status":"publish","type":"post","link":"https:\/\/tejidohistorico.afrodescendientes.com\/index.php\/2012\/03\/03\/en-riesgo-liliany-patricia-obando-villota-defensora-de-ddhh-y-su-familia\/","title":{"rendered":"En riesgo Liliany Patricia Obando Villota, defensora de DDHH y su familia"},"content":{"rendered":"<p><p>La Fundaci\u00f3n Lazos de Dignidad, organismo no gubernamental defensor de derechos humanos en Colombia, emite DENUNCIA P\u00daBLICA y solicita al Estado Colombiano garant\u00edas para los derechos a la vida, integridad y seguridad personal de la defensora de derechos humanos LILIANY PATRICIA OBANDO VILLOTA, ex prisionera pol\u00edtica de conciencia, y su familia.<\/p><\/p>\n","protected":false},"excerpt":{"rendered":"<p>La Fundaci\u00f3n Lazos de Dignidad, organismo no gubernamental defensor de derechos humanos en Colombia, emite DENUNCIA P\u00daBLICA y solicita al Estado Colombiano garant\u00edas para los derechos a la vida, integridad y seguridad [&hellip;]<\/p>\n","protected":false},"author":2,"featured_media":0,"comment_status":"open","ping_status":"open","sticky":false,"template":"","format":"standard","meta":[],"categories":[61],"tags":[],"_links":{"self":[{"href":"https:\/\/tejidohistorico.afrodescendientes.com\/index.php\/wp-json\/wp\/v2\/posts\/3435"}],"collection":[{"href":"https:\/\/tejidohistorico.afrodescendientes.com\/index.php\/wp-json\/wp\/v2\/posts"}],"about":[{"href":"https:\/\/tejidohistorico.afrodescendientes.com\/index.php\/wp-json\/wp\/v2\/types\/post"}],"author":[{"embeddable":true,"href":"https:\/\/tejidohistorico.afrodescendientes.com\/index.php\/wp-json\/wp\/v2\/users\/2"}],"replies":[{"embeddable":true,"href":"https:\/\/tejidohistorico.afrodescendientes.com\/index.php\/wp-json\/wp\/v2\/comments?post=3435"}],"version-history":[{"count":0,"href":"https:\/\/tejidohistorico.afrodescendientes.com\/index.php\/wp-json\/wp\/v2\/posts\/3435\/revisions"}],"wp:attachment":[{"href":"https:\/\/tejidohistorico.afrodescendientes.com\/index.php\/wp-json\/wp\/v2\/media?parent=3435"}],"wp:term":[{"taxonomy":"category","embeddable":true,"href":"https:\/\/tejidohistorico.afrodescendientes.com\/index.php\/wp-json\/wp\/v2\/categories?post=3435"},{"taxonomy":"post_tag","embeddable":true,"href":"https:\/\/tejidohistorico.afrodescendientes.com\/index.php\/wp-json\/wp\/v2\/tags?post=3435"}],"curies":[{"name":"wp","href":"https:\/\/api.w.org\/{rel}","templated":true}]}}