{"id":3437,"date":"2012-03-03T22:16:46","date_gmt":"2012-03-03T22:16:46","guid":{"rendered":"http:\/\/www2.nasaacin.org\/index.php\/2012\/03\/03\/cut-nuevas-amenazas-de-muerte\/"},"modified":"2012-03-03T22:16:46","modified_gmt":"2012-03-03T22:16:46","slug":"cut-nuevas-amenazas-de-muerte","status":"publish","type":"post","link":"https:\/\/tejidohistorico.afrodescendientes.com\/index.php\/2012\/03\/03\/cut-nuevas-amenazas-de-muerte\/","title":{"rendered":"CUT: Nuevas amenazas de muerte"},"content":{"rendered":"<p>En Colombia la situaci\u00f3n de seguridad es compleja, la aplicaci\u00f3n de los preceptos democr\u00e1ticos para la b\u00fasqueda de soluciones conjuntas a las problem\u00e1ticas que se presentan en los sectores sociales y de clase trabajadora, cada vez se hacen menos visibles, paulatinamente van desapareciendo para dar paso a las imposiciones autoritarias del capital transnacional y la clase dominante. El ESTADO como garante de los Derechos Humanos para el pueblo, ha perdido toda capacidad de acci\u00f3n en este sentido, permitiendo que avance el plan de intimidaci\u00f3n y exterminio por parte de los enemigos de la paz y el bienestar de los colombianos.<\/p>\n","protected":false},"excerpt":{"rendered":"<p>En Colombia la situaci\u00f3n de seguridad es compleja, la aplicaci\u00f3n de los preceptos democr\u00e1ticos para la b\u00fasqueda de soluciones conjuntas a las problem\u00e1ticas que se presentan en los sectores sociales y de [&hellip;]<\/p>\n","protected":false},"author":2,"featured_media":0,"comment_status":"open","ping_status":"open","sticky":false,"template":"","format":"standard","meta":[],"categories":[61],"tags":[],"_links":{"self":[{"href":"https:\/\/tejidohistorico.afrodescendientes.com\/index.php\/wp-json\/wp\/v2\/posts\/3437"}],"collection":[{"href":"https:\/\/tejidohistorico.afrodescendientes.com\/index.php\/wp-json\/wp\/v2\/posts"}],"about":[{"href":"https:\/\/tejidohistorico.afrodescendientes.com\/index.php\/wp-json\/wp\/v2\/types\/post"}],"author":[{"embeddable":true,"href":"https:\/\/tejidohistorico.afrodescendientes.com\/index.php\/wp-json\/wp\/v2\/users\/2"}],"replies":[{"embeddable":true,"href":"https:\/\/tejidohistorico.afrodescendientes.com\/index.php\/wp-json\/wp\/v2\/comments?post=3437"}],"version-history":[{"count":0,"href":"https:\/\/tejidohistorico.afrodescendientes.com\/index.php\/wp-json\/wp\/v2\/posts\/3437\/revisions"}],"wp:attachment":[{"href":"https:\/\/tejidohistorico.afrodescendientes.com\/index.php\/wp-json\/wp\/v2\/media?parent=3437"}],"wp:term":[{"taxonomy":"category","embeddable":true,"href":"https:\/\/tejidohistorico.afrodescendientes.com\/index.php\/wp-json\/wp\/v2\/categories?post=3437"},{"taxonomy":"post_tag","embeddable":true,"href":"https:\/\/tejidohistorico.afrodescendientes.com\/index.php\/wp-json\/wp\/v2\/tags?post=3437"}],"curies":[{"name":"wp","href":"https:\/\/api.w.org\/{rel}","templated":true}]}}