{"id":3438,"date":"2012-03-03T22:35:59","date_gmt":"2012-03-03T22:35:59","guid":{"rendered":"http:\/\/www2.nasaacin.org\/index.php\/2012\/03\/03\/narino-comunicado-a-la-opinion-publica-nacional-e-internacional\/"},"modified":"2012-03-03T22:35:59","modified_gmt":"2012-03-03T22:35:59","slug":"narino-comunicado-a-la-opinion-publica-nacional-e-internacional","status":"publish","type":"post","link":"https:\/\/tejidohistorico.afrodescendientes.com\/index.php\/2012\/03\/03\/narino-comunicado-a-la-opinion-publica-nacional-e-internacional\/","title":{"rendered":"Nari\u00f1o: Comunicado a la opini\u00f3n p\u00fablica nacional e internacional"},"content":{"rendered":"<p><p>El Cabildo Mayor Aw\u00e1 de Ricaurte (CAMAWARI), organizaci\u00f3n Ind\u00edgena con\u00a0personer\u00eda jur\u00eddica emanada del Ministerio del Interior a trav\u00e9s de la Resoluci\u00f3n No\u00a00023 del 25 de septiembre de 2008, que representa los intereses de 11\u00a0Resguardos que agrupan alrededor de 11.500 ind\u00edgenas y sus territorios, y que fue\u00a0creado el 12 de marzo de 1992 como un instrumento para consolidar la unidad, el\u00a0territorio, la cultura y la autonom\u00eda del pueblo Aw\u00e1 de Ricaurte (Nari\u00f1o) y\u00a0salvaguardar sus derechos e intereses:<\/p><\/p>\n","protected":false},"excerpt":{"rendered":"<p>El Cabildo Mayor Aw\u00e1 de Ricaurte (CAMAWARI), organizaci\u00f3n Ind\u00edgena con\u00a0personer\u00eda jur\u00eddica emanada del Ministerio del Interior a trav\u00e9s de la Resoluci\u00f3n No\u00a00023 del 25 de septiembre de 2008, que representa los intereses [&hellip;]<\/p>\n","protected":false},"author":2,"featured_media":0,"comment_status":"open","ping_status":"open","sticky":false,"template":"","format":"standard","meta":[],"categories":[61],"tags":[],"_links":{"self":[{"href":"https:\/\/tejidohistorico.afrodescendientes.com\/index.php\/wp-json\/wp\/v2\/posts\/3438"}],"collection":[{"href":"https:\/\/tejidohistorico.afrodescendientes.com\/index.php\/wp-json\/wp\/v2\/posts"}],"about":[{"href":"https:\/\/tejidohistorico.afrodescendientes.com\/index.php\/wp-json\/wp\/v2\/types\/post"}],"author":[{"embeddable":true,"href":"https:\/\/tejidohistorico.afrodescendientes.com\/index.php\/wp-json\/wp\/v2\/users\/2"}],"replies":[{"embeddable":true,"href":"https:\/\/tejidohistorico.afrodescendientes.com\/index.php\/wp-json\/wp\/v2\/comments?post=3438"}],"version-history":[{"count":0,"href":"https:\/\/tejidohistorico.afrodescendientes.com\/index.php\/wp-json\/wp\/v2\/posts\/3438\/revisions"}],"wp:attachment":[{"href":"https:\/\/tejidohistorico.afrodescendientes.com\/index.php\/wp-json\/wp\/v2\/media?parent=3438"}],"wp:term":[{"taxonomy":"category","embeddable":true,"href":"https:\/\/tejidohistorico.afrodescendientes.com\/index.php\/wp-json\/wp\/v2\/categories?post=3438"},{"taxonomy":"post_tag","embeddable":true,"href":"https:\/\/tejidohistorico.afrodescendientes.com\/index.php\/wp-json\/wp\/v2\/tags?post=3438"}],"curies":[{"name":"wp","href":"https:\/\/api.w.org\/{rel}","templated":true}]}}