{"id":3450,"date":"2012-03-06T15:58:02","date_gmt":"2012-03-06T15:58:02","guid":{"rendered":"http:\/\/www2.nasaacin.org\/index.php\/2012\/03\/06\/denuncia-publica-sobre-el-desvio-del-rio-mangdalena\/"},"modified":"2012-03-06T15:58:02","modified_gmt":"2012-03-06T15:58:02","slug":"denuncia-publica-sobre-el-desvio-del-rio-mangdalena","status":"publish","type":"post","link":"https:\/\/tejidohistorico.afrodescendientes.com\/index.php\/2012\/03\/06\/denuncia-publica-sobre-el-desvio-del-rio-mangdalena\/","title":{"rendered":"Denuncia p\u00fablica sobre el desvio del R\u00edo Magdalena"},"content":{"rendered":"<p>Los constructores, el grupo Endesa y su filial en Colombia, Emgesa, y la  firma italiana Enel, tienen planeado el desv\u00edo del r\u00edo Magdalena en un  tramo para estos d\u00edas y para el efecto han construido un t\u00fanel que  llevar\u00e1 el agua a otro cauce.<\/p>\n<p>  <!--more-->  <\/p>\n<p>\u00a0<\/p>\n<p>DENUNCIA P\u00daBLICA<\/p>\n<p>S.O.S POR LAS COMUNIDADES:<\/p>\n<p>DEL AGRADO, GIGANTE, GARZON, ALTAMIRA, TESALIA Y PAICOL<\/p>\n<p>Doctora Sandra Morelli Rico, en mi calidad de ciudadano, de dirigente sindical y de doliente de las comunidades arriba mencionadas, y tambi\u00e9n como militante ecol\u00f3gico, presento a usted la siguiente denuncia p\u00fablica:<\/p>\n<p><em>Los constructores, el grupo Endesa y su filial en Colombia, Emgesa, y la firma italiana Enel, tienen planeado el desv\u00edo del r\u00edo Magdalena en un tramo para estos d\u00edas y para el efecto han construido un t\u00fanel que llevar\u00e1 el agua a otro cauce.<\/em><\/p>\n<p>Como consecuencia de la construcci\u00f3n de dicho t\u00fanel dichos contratistas est\u00e1n produciendo sedimento para construir v\u00eda, es el sedimento que no ha arrastrado el r\u00edo y que sale altamente contaminado de los explosivos como la dinamita que accionan al interior del t\u00fanel, y esa agua que se lleva ese sedimento, es el agua que toman la comunidad de Puerto Seco en Gigante Huila, es esa una crisis humanitaria y ambiental que est\u00e1n sufriendo los pobladores de dicha regi\u00f3n.<\/p>\n<p>Adem\u00e1s solicito se investigue la legalidad de la licencia ambiental para dicho proyecto, licencia que supuestamente se encuentra en entredicho.<\/p>\n<p>Tambi\u00e9n se denuncia que supuestamente el se\u00f1or Jos\u00e9 Antonio Vargas Lleras hermano del Ministerio del Interior, es Presidente de la Junta Directiva de EMGESA due\u00f1a de El Quimbo (raz\u00f3n suficiente para entender porque para el gobierno central prima el \u201cinter\u00e9s general\u201d de dicho proyecto.<\/p>\n<p>El territorio neoliberal<\/p>\n<p>Aplicando el concepto de lo que significa el territorio en el modelo neoliberal: \u201cYa no es m\u00e1s la b\u00fasqueda del desarrollo a trav\u00e9s del poder que podr\u00eda jugar el Estado, sino que gira a favor de las empresas capitalistas y el capital privado quienes pasan a regular el ordenamiento del espacio\u201d. Y se acumula por desposesi\u00f3n es un t\u00e9rmino que se utiliza para estudiar la mercantilizaci\u00f3n y privatizaci\u00f3n de la tierra y la expulsi\u00f3n violenta de habitantes del campo, junto con la transformaci\u00f3n de los derechos comunes en derechos privados.<\/p>\n<p> Tierras para construir represas<\/p>\n<p> El monopolio de la tierra no puede existir si al mismo tiempo no se monopoliza el agua, porque la tierra sin agua es un desierto. Esto lo tienen claro los terratenientes y ganaderos, as\u00ed como el Estado que les sirve. Por esta circunstancia, la expansi\u00f3n de los latifundios viene acompa\u00f1ada de la expropiaci\u00f3n de las tierras circundantes a los lugares donde se encuentran fuentes de agua y la apropiaci\u00f3n privada de r\u00edos, quebradas, ci\u00e9nagas, humedales y lagunas para beneficio exclusivo de los terratenientes y ganaderos. Gran parte de las represas que se han construido en Colombia en las \u00faltimas d\u00e9cadas tienen esta finalidad, (y la del Quimbo no es la excepci\u00f3n a la regla).<\/p>\n<p> Al respecto vale mencionar a la Represa de Urra I, obra que se construy\u00f3 entre 1993-1999, y que cont\u00f3 con la lucida oposici\u00f3n de la comunidad ind\u00edgena de los Embera-Katios, ancestrales habitantes del lugar, desplazados a sangre y fuego por grupos de paramilitares, organizados por terratenientes y ganaderos y respaldados por el Estado y los pol\u00edticos regionales.<\/p>\n<p>La construcci\u00f3n de esta represa es ilustrativa de la destrucci\u00f3n de los bienes colectivos y su conversi\u00f3n en bienes privados, porque unos 70.000 ind\u00edgenas, campesinos y pescadores fueron directamente impactados por el proyecto Urra I. Al mismo tiempo, se destruy\u00f3 la pesca artesanal, (tal como acontecer\u00e1 en el Quimbo)\u00a0 porque disminuyeron o desaparecieron especies de peces de la cuenca del r\u00edo, como el caso del bocachico, fuente alimenticia de primer orden en la dieta de los embera Katio y los pescadores locales. Esto \u00faltimo se debi\u00f3 a la desecaci\u00f3n de los humedales del alto Sin\u00fa, ocasionada por la disminuci\u00f3n de los flujos naturales del r\u00edo, luego de que fuera construida la represa.<\/p>\n<p> Junto con el exterminio del bocachico se han secado humedales y ci\u00e9nagas, que entre otras cosas es lo que le interesa a los terratenientes para expandir sus fincas ganaderas. Lo que antes eran corrientes de agua llenas de vida, ahora son fuentes contaminadas y muertas, como sucede siempre con las grandes represas, que finalmente son aguas estancadas en las que pululan los mosquitos, que generan epidemias que antes no conoc\u00edan los ind\u00edgenas y campesinos.<\/p>\n<p> Las hidroel\u00e9ctricas que se han construido en C\u00f3rdoba no son una cuesti\u00f3n de energ\u00eda ni de aguas, sino de tierras ganaderas, las mismas que pertenecen a unos cuantos latifundistas que se van expandiendo a costa de los peque\u00f1os campesinos e ind\u00edgenas y que utilizan todos los medios para quedarse hasta con las tierras de los humedales, los cuales son secados con B\u00fafalos.<\/p>\n<p>Estimada Contralora acudo a usted porque ha dado muestras de una solidaridad desinteresada, y adem\u00e1s quien sabe decir como dir\u00eda St\u00e9fane Hessel NO, y quien est\u00e1 pasando a la historia enfrentando grandes retos denunciando a los carteles de la corrupci\u00f3n, y quien se indigna por los actos injustos que se cometen y frente a lo que nos parece no leg\u00edtimo y que cercenan las libertades y derechos fundamentales.<\/p>\n<p> A usted por su convicci\u00f3n y conciencia ecol\u00f3gica, y el nuevo hombre no debe ser el hombre de la biblia y de lo que los neoliberales han entendido. \u201cSer\u00e1s el amo de la naturaleza\u201d, sino el hombre instruido por un mejor conocimiento de c\u00f3mo funciona esa naturaleza<\/p>\n<p>Con sinceros saludos,<\/p>\n<p>ALBERTO PARRA PIZARRO<\/p>\n","protected":false},"excerpt":{"rendered":"<p>Los constructores, el grupo Endesa y su filial en Colombia, Emgesa, y la firma italiana Enel, tienen planeado el desv\u00edo del r\u00edo Magdalena en un tramo para estos d\u00edas y para el [&hellip;]<\/p>\n","protected":false},"author":1,"featured_media":0,"comment_status":"open","ping_status":"open","sticky":false,"template":"","format":"standard","meta":[],"categories":[75],"tags":[],"_links":{"self":[{"href":"https:\/\/tejidohistorico.afrodescendientes.com\/index.php\/wp-json\/wp\/v2\/posts\/3450"}],"collection":[{"href":"https:\/\/tejidohistorico.afrodescendientes.com\/index.php\/wp-json\/wp\/v2\/posts"}],"about":[{"href":"https:\/\/tejidohistorico.afrodescendientes.com\/index.php\/wp-json\/wp\/v2\/types\/post"}],"author":[{"embeddable":true,"href":"https:\/\/tejidohistorico.afrodescendientes.com\/index.php\/wp-json\/wp\/v2\/users\/1"}],"replies":[{"embeddable":true,"href":"https:\/\/tejidohistorico.afrodescendientes.com\/index.php\/wp-json\/wp\/v2\/comments?post=3450"}],"version-history":[{"count":0,"href":"https:\/\/tejidohistorico.afrodescendientes.com\/index.php\/wp-json\/wp\/v2\/posts\/3450\/revisions"}],"wp:attachment":[{"href":"https:\/\/tejidohistorico.afrodescendientes.com\/index.php\/wp-json\/wp\/v2\/media?parent=3450"}],"wp:term":[{"taxonomy":"category","embeddable":true,"href":"https:\/\/tejidohistorico.afrodescendientes.com\/index.php\/wp-json\/wp\/v2\/categories?post=3450"},{"taxonomy":"post_tag","embeddable":true,"href":"https:\/\/tejidohistorico.afrodescendientes.com\/index.php\/wp-json\/wp\/v2\/tags?post=3450"}],"curies":[{"name":"wp","href":"https:\/\/api.w.org\/{rel}","templated":true}]}}