{"id":3454,"date":"2012-03-07T13:12:31","date_gmt":"2012-03-07T13:12:31","guid":{"rendered":"http:\/\/www2.nasaacin.org\/index.php\/2012\/03\/07\/el-movimiento-de-victimas-acompana-a-las-comunidades-de-el-quimbo-y-rechaza-proyecto-hidroelectrico\/"},"modified":"2012-03-07T13:12:31","modified_gmt":"2012-03-07T13:12:31","slug":"el-movimiento-de-victimas-acompana-a-las-comunidades-de-el-quimbo-y-rechaza-proyecto-hidroelectrico","status":"publish","type":"post","link":"https:\/\/tejidohistorico.afrodescendientes.com\/index.php\/2012\/03\/07\/el-movimiento-de-victimas-acompana-a-las-comunidades-de-el-quimbo-y-rechaza-proyecto-hidroelectrico\/","title":{"rendered":"El Movimiento de V\u00edctimas acompa\u00f1a a las comunidades de El Quimbo y rechaza proyecto hidroel\u00e9ctrico"},"content":{"rendered":"<p>El Movimiento Nacional de V\u00edctimas de Cr\u00edmenes de Estado, MOVICE, saluda, apoya y acompa\u00f1a en este 6 de marzo, D\u00eda Internacional de las v\u00edctimas de Cr\u00edmenes de Estado, a las movilizaciones y manifestaciones de inconformidad y resistencia contra el Despojo en el Centro Occidente del Departamento del Huila, producto de la construcci\u00f3n de la Hidroel\u00e9ctrica \u201cEl Quimbo\u201d<\/p>\n<p>  <!--more-->  <\/p>\n<p>, que afectar\u00e1 las zonas rurales de seis municipios: Gigante, Garz\u00f3n, Altamira, El Agrado, Tesalia y Paicol.<\/p>\n<p>El MOVICE expresa p\u00fablicamente su rechazo ante la inminente afectaci\u00f3n de 8.500 hect\u00e1reas, que, seg\u00fan la informaci\u00f3n que allegan las comunidades y organizaciones pertenecientes a Asoquimbo, producen 35 mil toneladas de alimento anuales.<\/p>\n<p>Resaltamos, como lo afirmara la organizaci\u00f3n R\u00edos Vivos, que las represas en el mundo han desplazado m\u00e1s gente que la guerra y rechazamos las medidas de choque y agresi\u00f3n que ha desatado el Estado colombiano, mediante el uso del Escuadr\u00f3n M\u00f3vil Antidisturbios de la Polic\u00eda Nacional.<\/p>\n<p>En el mismo sentido, nos oponemos a los se\u00f1alamientos del gobierno nacional para deslegitimar las exigencias de las comunidades en resistencia y el ciego respaldo a la multinacional Emgesa, bajo su pol\u00edtica de confianza inversionista (se busca garantizar la inversi\u00f3n de 830 millones de d\u00f3lares, con dividendos astron\u00f3micos para la multinacional).<\/p>\n<p>Adem\u00e1s, el MOVICE insta a la Fiscal\u00eda General de la Naci\u00f3n para que adelante con total parcialidad y eficiencia las investigaciones y judicializaciones a que haya lugar, por la posible ocurrencia de irregularidades en el contrato para el desarrollo del proyecto hidroel\u00e9ctrico de El Quimbo, as\u00ed como ante la posible ocurrencia de desplazamientos, despojo de tierras y amenazas, e igualmente evaluar los da\u00f1os al medio ambiente que puedan ocurrir con la ejecuci\u00f3n de este proyecto.<\/p>\n<p>De este modo, el MOVICE en su lucha por la Tierra el Territorio y contra el despojo, saluda la resistencia que se han levantado desde hace varios a\u00f1os en diversas partes del territorio Nacional; y en especial, respalda la resistencia de los campesinos, pescadores y dem\u00e1s lugare\u00f1os que defienden el r\u00edo magdalena en el Departamento del Huila, contra la imposici\u00f3n de la Represa El Quimbo, sumando nuestra voz que dice no al despojo en nombre del desarrollo.<\/p>\n<p>Reiteramos la invitaci\u00f3n a las v\u00edctimas en Colombia y exiliadas, a los movimientos sociales y populares, al movimiento estudiantil, a las organizaciones de mujeres, a las comunidades afros, campesinas e ind\u00edgenas, a movilizarnos ma\u00f1ana 6 de marzo de 2012, en los m\u00e1s de 20 puntos de movilizaci\u00f3n, haciendo propia la lucha por la defensa y permanencia en las tierras y los territorios y contra el despojo estatal.<\/p>\n<p>Agradecimientos:<\/p>\n<p>El MOVICE saluda y agradece el esfuerzo de la organizaci\u00f3n Latin American Working Group, que a trav\u00e9s de una acci\u00f3n mundial ha recogido a la luz de hoy 2458 firmas en apoyo a la movilizaci\u00f3n del 6 de marzo, firmas provenientes de 5 continentes distintos (\u00c1frica, Asia, Europa, Norteam\u00e9rica y Suram\u00e9rica).<\/p>\n<p>Para ver y firmar petici\u00f3n, hacer click aqu\u00ed: http:\/\/salsa.democracyinaction.org\/o\/625\/p\/dia\/action\/public\/?action_KEY=9729<\/p>\n<p>En M6vida: El despojo: otro crimen de Estado. Por una restituci\u00f3n real e integral de las tierras<\/p>\n<p>Somos semilla, somos memoria, somos el sol que renace ante la impunidad, somos el Movimiento Nacional de V\u00edctimas de Cr\u00edmenes de Estado<\/p>\n<p>&#8212;-<strong><br \/>Carta del MOVICE al presidente Juan Manuel Santos previa movilizaci\u00f3n del 6 de marzo<\/strong><\/p>\n<p>Bogot\u00e1, D.C, 5 de marzo del 2012<\/p>\n<p>Doctor<br \/>JUAN MANUEL SANTOS CALDER\u00d3N<br \/>Presidente de la Rep\u00fablica de Colombia<br \/>Ciudad<\/p>\n<p>Se\u00f1or Presidente:<\/p>\n<p>Reciba un cordial y respetuoso saludo del Movimiento de V\u00edctimas de cr\u00edmenes de estado. El MOVICE, est\u00e1 conformado por 22 cap\u00edtulos regionales, 4 cap\u00edtulos internacionales (M\u00e9xico, Argentina, Espa\u00f1a y B\u00e9lgica) y 24 organizaciones de derechos humanos\u00a0 que conforman su Comit\u00e9 de Impulso Nacional.<\/p>\n<p>El\u00a0\u00a0 MOVICE ha definido el 6 de marzo como el d\u00eda\u00a0 mundial de las v\u00edctimas de cr\u00edmenes de estado de Colombia. Para este 6 de marzo tiene programada una movilizaci\u00f3n nacional que tiene como epicentros las ciudades de Monter\u00eda, y Villavicencio. Igualmente se realizaran plantones, m\u00edtines y galer\u00edas de la memoria en diversas ciudades del pa\u00eds.\u00a0 (Ver anexo \u2013 Programaci\u00f3n)<\/p>\n<p><strong>Los motivos\u00a0 de esta movilizaci\u00f3n se centran en los siguientes aspectos:<br \/><\/strong><br \/>Desde su posesi\u00f3n Ud., ha expresado\u00a0 que ejecutar\u00e1 una pol\u00edtica de tierras y desarrollo fundada en tres ejes: 1. La restituci\u00f3n de tierras a las v\u00edctimas del conflicto armado 2.\u00a0 La formalizaci\u00f3n de la propiedad rural\u00a0 y\u00a0 3.\u00a0 El desarrollo rural.\u00a0 En este contexto\u00a0 su Gobierno ha promovido varias movilizaciones con las v\u00edctimas del despojo defendiendo su compromiso de lo que llamado la \u201crevoluci\u00f3n agraria\u201d.<\/p>\n<p>Para el MOVICE\u00a0 la restituci\u00f3n de tierras y los bienes que han sido expropiados a trav\u00e9s de la intimidaci\u00f3n y la violencia, as\u00ed como los conflictos derivados de la concentraci\u00f3n de la\u00a0 propiedad de la tierra es uno de los factores estructurales para explicar el origen de la violencia pol\u00edtica y en consecuencia la reparaci\u00f3n integral\u00a0 a las v\u00edctimas del despojo y el abandono,\u00a0 se constituye en una obligaci\u00f3n y deber del Estado Colombiano.<\/p>\n<p>El proceso de restituci\u00f3n de tierras enfrenta m\u00faltiples dificultades de orden pol\u00edtico, factico, normativo e institucional, que de no ser superados no solo impedir\u00e1n la devoluci\u00f3n de las tierras a las v\u00edctimas, sino que profundizar\u00e1 la violencia y revictimizaci\u00f3n\u00a0 de quienes solicitan al Estado la garant\u00eda\u00a0 y respeto de sus derechos a la verdad, la justicia, reparaci\u00f3n integral y garant\u00edas de no repetici\u00f3n.\u00a0 Entre los principales obst\u00e1culos destacamos las siguientes:<br \/><strong><br \/>1.\u00a0 FALTA DE GARANT\u00cdAS Y PROTECCI\u00d3N A LOS RECLAMANTES DE TIERRAS:<\/strong><\/p>\n<p>El asesinato de l\u00edderes de organizaciones reclamantes de tierras es una de las modalidades para obstaculizar la restituci\u00f3n en Colombia. Desde el 2005 se han registrado m\u00e1s de 66 casos\u00a0 y el 40%, es decir, por lo menos 26 v\u00edctimas\u00a0 fueron\u00a0 asesinadas\u00a0\u00a0 entre el\u00a0 2010 y 2011. Casi la\u00a0 mitad\u00a0 de estas v\u00edctimas se presentaron en la Costa Caribe . (Ver anexo).<\/p>\n<p>En la audiencia de la Comisi\u00f3n de Seguimiento a la Pol\u00edtica P\u00fablica sobre Atenci\u00f3n al Desplazamiento, convocada por la Corte Constitucional en\u00a0 la \u00faltima semana de enero de 2012, La Alta Comisionada de las Naciones Unidas para los Refugiados, Terry Morel, inform\u00f3 que desde el 2007 han sido asesinados m\u00e1s de 1.400 desplazados, y que de cada doscientas denuncias de hostigamiento o amenaza se investiga una .<\/p>\n<p>A pesar de la asignaci\u00f3n a nuevas instancias gubernamentales para asumir la concreci\u00f3n de medidas que preserven la integridad f\u00edsica de l\u00edderes y lideresas reclamantes de tierras y de colectivos \u00e9tnicos, afrodescendientes e ind\u00edgenas, estos no han sido eficaces. Un ejemplo de esta situaci\u00f3n es el grave riesgo y amenaza de 37 l\u00edderes y lideresas de Curbarad\u00f3 y Jiguamiand\u00f3, que no han recibido respuestas concretas a sus demandas\u00a0 de protecci\u00f3n.<\/p>\n<p>Las amenazas se han incrementado en este 2012 de forma alarmante,\u00a0 entre los casos que destacamos se encuentran los siguientes:<\/p>\n<p>El\u00a0 15 de febrero del 2012,\u00a0 la Corporaci\u00f3n Arco Iris denunci\u00f3 la conformaci\u00f3n de un grupo anti &#8211; restituci\u00f3n\u00a0 en varias zonas del pa\u00eds. La financiaci\u00f3n de este grupo estar\u00edan en cabeza de ganaderos de C\u00f3rdoba, Guajira y Cesar y entrar\u00edan a operar a partir del mes de marzo inicialmente en estos Departamentos, incluyendo el Magdalena<\/p>\n<p>\uf0d8\u00a0\u00a0\u00a0 El 25 de enero del 2012 el l\u00edder FREDY\u00a0 ANTONIO RODRIGUEZ CORRALES, representante legal de la Asociaci\u00f3n Colombiana Horizonte \u201cASOCOL\u201d de Familias Desplazadas del Municipio de Piedecuesta, qui\u00e9n lidera\u00a0 el proceso de restituci\u00f3n de tierras de la antigua hacienda Bellacruz, ha sido objeto de m\u00faltiples seguimientos y recibi\u00f3 un sufragio firmado por el grupo Anti- restituci\u00f3n. Este sufragio fue recibido pocas horas despu\u00e9s de que se informara sobre el proceso que adelanta el INCODER de recuperaci\u00f3n de 1.500 hect\u00e1reas de tierra de propiedad de la naci\u00f3n ubicadas en la Hacienda Bellacruz\u00a0 en el departamento del Cesar.<\/p>\n<p>\uf0d8\u00a0\u00a0\u00a0 El 11 de febrero de 2012 el Sr. WILSON SEGUANES, recibi\u00f3 en su casa un sufragio, que en la portada llevaba una cruz y por dentro conten\u00eda el Salmo 23. El Sr. Wilson Seguanes es l\u00edder comunitario de la vereda las Brisas y representante legal de la Asociaci\u00f3n ASOPROBI, quienes exigen la materializaci\u00f3n y cumplimiento de la sentencia de la Corte Suprema de Justicia del 27 de abril de 2011, dentro de la que se encuentra la obligaci\u00f3n de reparar a las v\u00edctimas, y de manera particular la restituci\u00f3n de sus tierras <\/p>\n<p>\uf0d8\u00a0\u00a0\u00a0 El 21 de febrero se recibi\u00f3 una amenaza v\u00eda email\u00a0 contra el MOVICE\u00a0 capitulo\u00a0\u00a0 Nari\u00f1o, Fundepaz, CPDH\u00a0 y otras organizaciones,\u00a0 firmado por el Grupo anti restituci\u00f3n de Nari\u00f1o \u2013 Gar. En la amenaza\u00a0 se se\u00f1ala &#8230;&#8221; no entregaremos ni un mil\u00edmetro de tierra, territorio o bienes para\u00a0 sufragar las restituciones ilegales impuestas por la presi\u00f3n internacional&#8221;\u00a0 &#8230; &#8220;no nos temblara la mano en\u00a0 ajusticiar como ya lo hemos hecho en otras oportunidades a\u00a0 todos aquellos que se atrevan a promover actividades con contenido ideol\u00f3gico y pol\u00edtico enfocadas en temas de restituci\u00f3n\u00a0 de tierras y derechos de las supuestas\u00a0 v\u00edctimas&#8221;<\/p>\n<p>\uf0d8\u00a0\u00a0\u00a0 Entre el 22 y\u00a0 el 24 de febrero\u00a0 se sustrajeron de la vivienda\u00a0 de la Secretar\u00eda T\u00e9cnica del\u00a0 cap\u00edtulo MOVICE de Norte de Santander\u00a0 Nubia Mendoza, el equipo de c\u00f3mputo, memoria extra\u00edble y\u00a0 el directorio impreso del MOVICE\u00a0 del cap\u00edtulo Santander.<\/p>\n<p>\uf0d8\u00a0\u00a0\u00a0 El lunes\u00a0 27 de febrero se recibi\u00f3 v\u00eda servientrega\u00a0 en la oficina del Colectivo de Abogados \u201cJAR\u201d, organizaci\u00f3n que hace parte del Comit\u00e9 de impulso del MOVICE , un escrito suscrito por\u00a0 \u201clos rastrojos \u2013 comandos urbanos\u201d,\u00a0 en que se profieren amenazas contra esta organizaci\u00f3n, el MOVICE, el Comit\u00e9 de solidaridad con presos pol\u00edticos (CSPP) y otras organizaciones y personas\u00a0 y\u00a0 se se\u00f1ala: \u201c(\u2026)que a trav\u00e9s de \u201cel largo trabajo de inteligencia , seguimientos en infiltraciones\u00a0 a organizaciones etc.\u00a0 &#8220;nos permiti\u00f3 comprobar sus relaciones con grupos guerrilleros y acciones que van en detrimento de las regiones impidiendo\u00a0 el progreso de estas a trav\u00e9s de la industria, toda vez que difunden\u00a0 su discurso de extrema izquierda indisponiendo a los moradores de nuestras regiones.(\u2026)\u201d<\/p>\n<p>\uf0d8\u00a0\u00a0\u00a0 El 27 de febrero, hacia las 10:00 a.m. OLIVER BLANCO, entre Bella Flor Remacho -Jiguamiand\u00f3- y Santa Rosa de El Lim\u00f3n -Vig\u00eda de Curbarad\u00f3, fue objeto de hostigamientos y amenazado por parte de efectivos de\u00a0 la brigada 17, luego de participar en actos de memoria del despojo. OLIVER, integrante de los<\/p>\n<p>consejos de comunidades negras,\u00a0 reclamante de tierras ante la ocupaci\u00f3n de predios colectivos por paramilitares para siembras de coca e instalaci\u00f3n de laboratorios de coca\u00edna\u00a0 particip\u00f3 juntos con 200 personas m\u00e1s, entre ellas, ciudadanos de Estados Unidos, de Canad\u00e1 y de la Uni\u00f3n Europea, en actos de las v\u00edctimas de la operaciones militares \u201cG\u00e9nesis\u201d y \u201cSeptiembre negro\u201d dirigidas por el general Rito Alejo del R\u00edo, entre el\u00a0 10 y 15 de febrero de \u00e9ste a\u00f1o, y en el que constataron el uso del territorio colectivo que pretende ser restituido por paramilitares.<\/p>\n<p>\uf0d8\u00a0\u00a0\u00a0 El 28 de febrero se recibi\u00f3\u00a0 v\u00eda internet y en f\u00edsico en varias localidades de Bogot\u00e1, una amenaza suscrita por \u201c\u00e1guilas negras &#8211; bloque capital\u201d contra\u00a0 el MOVICE y varias organizaciones de mujeres entre ellas Sisma Mujer, Casa de la Mujer, y otras organizaciones de derechos humanos como Codhes, Acnur, Corporaci\u00f3n Nuevo Arco Iris, Ruta Pac\u00edfica de las Mujeres, Pnud, Afrodes,\u00a0 Juntos por la Vida y Marcha Ind\u00edgena. La amenaza tambi\u00e9n\u00a0 se se\u00f1ala con nombres propios a Piedad C\u00f3rdoba, Amparo S\u00e1nchez, Mar\u00eda Eugenia Urrutia, Johanna Saenz, Ang\u00e9lica Bello, Rub\u00ed Casta\u00f1o, Nini Johanna Gonz\u00e1lez, Mar\u00eda Eugenia Cruz, Claudia Mej\u00eda, Pilar Rueda, Ana Jimena Bautista y Olga Osana , quienes aparecen mencionadas como objetivo de las Aguilas Negras.<\/p>\n<p>En la amenaza se sentencia a muerte a las \u201c(\u2026) perras guerrilleras de las Farc las cuales se oponen\u00a0 a las pol\u00edticas\u00a0 de nuestro Gobierno, y que hacen lavado\u00a0 de cerebro a los desplazados haci\u00e9ndose pasar por lideres defensores de derechos humanos y dejen de joder con el tema de recuperaci\u00f3n de tierras\u00a0 por que todo el que haga esta gesti\u00f3n\u00a0 va a ser asesinado por nosotros por mas protegidas que est\u00e9n\u00a0 les damos 30 d\u00edas para abandonar la ciudad\u00a0 y a lo que colaboran\u00a0 con esta partida de perras guerrilleras\u201d<\/p>\n<p>Las amenazas no son nuevas, sino que hacen parte de una pol\u00edtica sistem\u00e1tica y\u00a0 generalizada contra v\u00edctimas y sus organizaciones. Solamente en el 2011, el MOVICE fue objeto de\u00a0 85 agresiones de las cuales 31 ocurrieron en Sucre, 3 en el Sur de Bol\u00edvar y Sur de Cesar, 3 en el Magdalena Medio y 6 en el Atl\u00e1ntico. En total se recibieron amenazas y actos de revictimizaci\u00f3n en 18 de los 20 departamentos del pa\u00eds.<\/p>\n<p>Para el MOVICE las garant\u00edas para los despojados de sus tierras y el retorno con dignidad,\u00a0 son requerimientos\u00a0 fundamentales\u00a0 dentro del proceso de restituci\u00f3n de tierras.<\/p>\n<p><strong><br \/>2. MANTENIMIENTO DE LAS ESTRUCTURAS PARAMILITARES<br \/><\/strong><br \/>Seg\u00fan el VII\u00a0 Informe sobre presencia de grupos narcoparamilitares en el 2011\u00a0 publicado recientemente por INDEPAZ\u00a0 se se\u00f1ala que el panorama Post desmovilizaci\u00f3n evidencia la presencia 40 estructuras paramilitares en el pa\u00eds, que se vieron en la disputa por la retoma de los poderes locales y regionales.<\/p>\n<p>En el 2011 la presencia de estructuras narcoparamilitares, se presenta en 31 departamentos y 406 municipios, el \u00fanico departamento en el que no se identific\u00f3 presencia fue en el Amazonas y se detecta un aumento de 46 municipios respecto al a\u00f1o 2010.<\/p>\n<p>Los departamentos m\u00e1s afectados son: CESAR con presencia en 23 de sus 25 municipios,\u00a0 C\u00d3RDOBA en 24 de sus 28 municipios,\u00a0 BOL\u00cdVAR en 34 de sus 45 municipios, META en 20 de sus 29 municipios y SUCRE con presencia paramilitar en 17 de sus 26 municipios.<\/p>\n<p>Las zonas como Montes de Mar\u00eda, La Guajira, Bajo Cauca antioque\u00f1o, Urab\u00e1, el bajo Atrato,\u00a0 el litoral pac\u00edfico, el Catatumbo y los Llanos Orientales, muestran la mayor concentraci\u00f3n de las acciones de estos grupos.<\/p>\n<p>Por su parte, la Corporaci\u00f3n Arco Iris\u00a0 ha denunciado que, \u201cC\u00f3rdoba es uno los departamentos que m\u00e1s ha padecido la presencia de las diferentes \u201cbandas\u201d. A noviembre de 2011 registr\u00f3 500 homicidios y 2.479 desplazamientos individuales en el primer semestre del a\u00f1o 2011<\/p>\n<p>Igualmente en el informe\u00a0 de Indepaz se se\u00f1ala que:<\/p>\n<p>\u201cDe los 54 municipios escogidos en el 2011 como integrantes de ocho zonas del Plan Nacional de Consolidaci\u00f3n Territorial (PNCT), se registro amplia actividad en 40 de ellos por parte de narcoparamilitares, tres m\u00e1s que los registros del primer semestre de 2011.<\/p>\n<p>La zona de Montes de Mar\u00eda ha sido evaluada por el gobierno como el modelo de avance en la consolidaci\u00f3n territorial. All\u00ed, en los cuatro municipios escogidos, el gobierno ha manifestado que se ha dado la transici\u00f3n de ser territorios \u201crojos\u201d, por la falta de control estatal, a territorios verdes, seguros para la inversi\u00f3n legal y el desarrollo rural.<\/p>\n<p>Sin embargo, Indepaz registra eventos de Rastrojos, Urabe\u00f1os y Paisas en ellos. Esto significa que, aunque se trata de situaciones puntuales, no escapan a la movilidad de los<\/p>\n<p>grupos narcoparamilitares incrementada en toda la regi\u00f3n Caribe. Situaci\u00f3n similar se presenta en los municipios del PNCT se observa en el sur de C\u00f3rdoba, Bajo Cauca antioque\u00f1o, Catatumbo, Arauca, Cagu\u00e1n, Nari\u00f1o y Putumayo\u201d<\/p>\n<p>La alarmante\u00a0 presencia de las estructuras paramilitares en pr\u00e1cticamente todas las regiones del pa\u00eds, evidencia la reingenier\u00eda y reestructuraci\u00f3n del paramilitarismo como consecuencia de un fallido proceso de desmovilizaci\u00f3n,\u00a0 que evidencia la crisis del modelo de reconciliaci\u00f3n, y\u00a0 constituye uno de los principales factores de riesgo contra quienes se atreven a reclamar su derecho a la restituci\u00f3n y retorno a las tierras y territorios.<br \/><strong><br \/>4. OBST\u00c1CULOS NORMATIVOS ESTABLECIDOS EN LA LEY DE V\u00cdCTIMAS Y RESTITUCI\u00d3N DE TIERRAS.<\/strong><\/p>\n<p>El MOVICE ha reiterado en diferentes oportunidades que varias de las disposiciones contenidas\u00a0 en la ley 1448 del 10 de junio del 2011, se constituyen en barreras para la reparaci\u00f3n integral de las v\u00edctimas y reclamantes de tierras.<\/p>\n<p>Por esta raz\u00f3n recientemente el MOVICE y varias organizaciones sociales y de derechos humanos presentamos ante la Corte Constitucional demanda de inconstitucionalidad para que esta instancia ajuste dicha normatividad\u00a0 a los est\u00e1ndares nacionales e internacionales de protecci\u00f3n de los derechos humanos.\u00a0 <\/p>\n<p>Entre\u00a0 los principales obst\u00e1culos relacionados con la\u00a0 restituci\u00f3n tierras\u00a0 se encuentran los siguientes:<\/p>\n<p>\uf0d8\u00a0\u00a0\u00a0 La ausencia de la restituci\u00f3n patrimonial,\u00a0 de bienes muebles,\u00a0 enseres, animales cultivos, producci\u00f3n etc., los cuales no ser\u00e1n reparados con esta ley.\u00a0 Se estima que el 71% de la poblaci\u00f3n desplazada abandon\u00f3 ganado; el 47%, cultivos; el 49%, maquinaria, equipo o veh\u00edculos; y el 22%, infraestructura productiva,\u00a0\u00a0 La ley solo reconoce una restituci\u00f3n de la tierras, desconociendo que la indemnizaci\u00f3n integral debe contemplar todos los da\u00f1os ocasionados por el hecho victimizante.<\/p>\n<p>\uf0d8\u00a0\u00a0\u00a0 Si bien la ley reconoce como titulares del derecho a la restituci\u00f3n a los\u00a0 propietarios, poseedores o explotadores de bald\u00edos que hayan sido despojados o que se hayan visto obligados a abandonarlas, se deja por\u00a0 fuera a\u00a0 tenedores y arrendatarios, victimas de abandono forzado y despojo y cuyas relaciones jur\u00eddicas\u00a0 han sido precarias\u00a0 y quienes no tendr\u00edan derecho a la reparaci\u00f3n . Se estima que el 30% de la poblaci\u00f3n desplazada quedar\u00eda por fuera.<\/p>\n<p>\uf0d8\u00a0\u00a0\u00a0 La exigencia de la inscripci\u00f3n del predio ante el registro de tierras despojadas, para el inicio de la acci\u00f3n judicial de restituci\u00f3n y el establecimiento de todo una proceso administrativo para este efecto, lo cual crea una barrera desproporcionada e injustificada para el acceso a la justicia de los reclamantes de tierras, y desconoce los est\u00e1ndares internacionales de Derechos humanos, as\u00ed como la jurisprudencia de la Corte constitucional,\u00a0 que establece que la sola ocurrencia del hecho victimizante\u00a0 es la que adjudica los derechos fundamentales a la persona lesionada.<\/p>\n<p>\uf0d8\u00a0\u00a0\u00a0 El establecimiento del contrato de uso\u00a0 del predio restituido que faculta al Magistrado que conoce del proceso de restituci\u00f3n para autorizar la celebraci\u00f3n de contratos en los predios donde existan\u00a0 proyectos agroindustriales productivos\u00a0 entre los beneficiarios de la restituci\u00f3n y el opositor de buena fe, lo hace nugatorio el derecho a la reparaci\u00f3n de los beneficiarios.<\/p>\n<p>Adicionalmente se establece que cuando el opositor no pruebe la buena fe, en lugar de restituirle el bien al beneficiario de la restituci\u00f3n, se entrega el proyecto productivo a la Unidad administrativa especial de gesti\u00f3n de restituci\u00f3n de tierras para que lo explote a trav\u00e9s de terceros y\u00a0 que se destine el producido del proyecto a programas de reparaci\u00f3n colectiva para victimas en las vecindades del predio incluyendo al beneficiario de la restituci\u00f3n, lo que niega el derecho de la v\u00edctima a la restituci\u00f3n\u00a0 .\u00a0\u00a0 Esto indica que la\u00a0 restituci\u00f3n\u00a0 no\u00a0 est\u00e1 destinada a la reparaci\u00f3n a las v\u00edctimas sino a la utilizaci\u00f3n intensiva del suelo. Tal y como lo expres\u00f3 el asesor del Ministro de Agricultura, el Sr. Alejandro Reyes en carta enviada en octubre de 2011 a la Silla Vac\u00eda a prop\u00f3sito de un art\u00edculo que establece la contradicci\u00f3n existente entre restituci\u00f3n y reforestaci\u00f3n en los Montes de Mar\u00eda, en donde expresa \u201cel reto es restituir los patrimonios de las v\u00edctimas y aprovechar la nueva inversi\u00f3n para generales ingresos, sin sacrificar los nuevos proyectos productivos\u201d.<\/p>\n<p>\uf0d8\u00a0\u00a0\u00a0 Impunidad a los despojadores\u00a0 ya que se establece que quienes acudan al proceso y confiesen la ilegalidad de los t\u00edtulos o el despojo de las tierras o de los derechos reclamados en el proceso se har\u00e1n beneficiarios al\u00a0 principio de oportunidad. Esta figura\u00a0 no solo deja impune a los responsables del despojo , sino vulneraciones graves que haya sufrido la v\u00edctima, como amenazas, torturas, homicidios, desplazamiento o violencia sexual, al igual que los delitos<br \/>de pertenencia a estructuras paramilitares\u00a0 y\u00a0 su complicidad con agentes estatales.<\/p>\n<p>\uf0d8\u00a0\u00a0\u00a0 P\u00e9rdida de derechos de las victimas por la ocupaci\u00f3n de hecho de los predios objeto de la restituci\u00f3n, lo cual resulta desproporcionado porque resulta siendo una especie de\u00a0 confiscaci\u00f3n, prohibida en la Constituci\u00f3n, y no prevista siquiera en la legislaci\u00f3n ordinaria, que permite adjudicar predios a campesinos ocupantes o invasores,<\/p>\n<p>\uf0d8\u00a0\u00a0\u00a0 El cambio del principio de la inversi\u00f3n de la carga de la prueba\u00a0\u00a0 con el decreto\u00a0 4829 del 2011\u00a0 y en las recientes declaraciones del Ministro de Agricultura que ha expuesto que en la practica la inversi\u00f3n de la prueba quiere decir que una vez presentada la solicitud, el estado echa sobre los hombros la carga de ayudar a recaudar esa prueba.\u00a0 Es decir,\u00a0 que as\u00ed sea con ayuda del Estado es a la victima\u00a0 a qui\u00e9n le toca\u00a0 probar el despojo o el abandono forzado .<\/p>\n<p>Estas preocupaciones se intensifican si se analiza la pol\u00edtica de restituci\u00f3n con el Plan de Desarrollo, y de manera particular con las modificaciones que esta norma introdujo en la ley 160 de 1994, a trav\u00e9s de las cuales el uso de los bald\u00edos ya no se utilizar\u00e1n para promover el acceso a la tierra por parte de campesinos y campesinas sin tierra, sino que se espera impulsar a trav\u00e9s de ellas grandes proyectos agropecuarios y forestales, a trav\u00e9s del impulso de contratos de arrendamiento, de leasing, de concesiones y similares entre el Estado y asociaciones agropecuarias y forestales.\u00a0 Medida que junto con la modificaci\u00f3n que permite que tierra que fue anteriormente adjudicada como bald\u00edos y la de los predios adquiridos a trav\u00e9s del subsidio integral de tierras, puedan ser concentradas sin ning\u00fan tipo de limitaci\u00f3n, como antiguamente exist\u00eda con la Unidad Agr\u00edcola familiar, demuestra que la pol\u00edtica de desarrollo rural lejos de buscar una democratizaci\u00f3n de la tierra profundiza la desterritorializaci\u00f3n de las y los campesinos.<\/p>\n<p>Por \u00faltimo, nos preocupa la profundizaci\u00f3n de la actividad extractiva sobre la vocaci\u00f3n productiva, los cambios forzados en el uso del suelo agr\u00edcola y la reducci\u00f3n del apoyo a la peque\u00f1a producci\u00f3n campesina que est\u00e1 afectando gravemente a los peque\u00f1os productores rurales. Las explotaciones de recursos no renovables ocupan el 5,8 millones de hect\u00e1reas y existen solicitudes mineras en buena parte de las \u00e1reas ocupadas por la frontera agr\u00edcola,\u00a0 nos preguntamos\u00a0 Se\u00f1or Presidente \u00bfc\u00f3mo se va a garantizar la restituci\u00f3n de tierras, donde existen concesiones mineras?<\/p>\n<p>Estas son las razones por las cuales en conjunto con varios sectores sociales victimizados por el despojo, nos movilizaremos el pr\u00f3ximo 6 de marzo para solicitarle garant\u00edas en el\u00a0 ejercicio de nuestros derechos y\u00a0 contra el control social y\u00a0 territorial que ejercen estructuras\u00a0 paramilitares en gran parte del pa\u00eds.<\/p>\n<p>En este sentido, se\u00f1or Presidente anunciamos que el MOVICE\u00a0 impulsara la conformaci\u00f3n de una COMISI\u00d3N INTERNACIONAL compuesta por personalidades de gras prestigio y compromiso con la defensa de los derechos humanos para que\u00a0 haga un monitoreo\u00a0 y seguimiento a la aplicaci\u00f3n de la ley de v\u00edctimas y al proceso de restituci\u00f3n de tierras.<\/p>\n<p>As\u00ed mismo, organizaciones sociales, de v\u00edctimas y de derechos humanos de Colombia ante el panorama de impunidad, agravada por la casi segura aprobaci\u00f3n en el Congreso de la Rep\u00fablica de leyes de impunidad como la reforma a la justicia, de desarrollo rural que beneficia a los due\u00f1os de grandes capitales en detrimento de las y los campesinos, y la persistente violaci\u00f3n de los derechos humanos de la poblaci\u00f3n civil, de l\u00edderes y defensores de derechos humanos,\u00a0 realizaran una MISI\u00d3N INTERNACIONAL DE OBSERVACI\u00d3N SOBRE LA IMPUNIDAD DE GRAVES VIOLACIONES DE LOS DERECHOS HUMANOS E INFRACCIONES AL DERECHO INTERNACIONAL HUMANITARIO\u00a0 que tendr\u00e1 lugar la segunda semana de mayo del presente a\u00f1o.<\/p>\n<p>Finalmente, nos preocupa se\u00f1or Presidente, su expresi\u00f3n del pasado 3 de marzo durante el acuerdo para la prosperidad, realizado en la ciudad de Barranquilla,\u00a0 al indicar que\u00a0 la guerrilla est\u00e1 haciendo todo lo posible para penetrar la protesta social y generar violencia. \u201cYa lo hemos visto en varios escenarios donde la guerrilla est\u00e1 tratando de infiltrar cualquier amago de protesta social\u201d\u00a0 y llam\u00f3\u00a0\u00a0 a la \u201cpoblaci\u00f3n estar preparada y no permitir que la protesta social sea infiltrada por la guerrilla y desencadene en actos violentos\u201d.\u00a0 .<\/p>\n<p>Estas declaraciones se\u00f1or Presidente\u00a0 conduce a estigmatizar el legitimo derecho a la movilizaci\u00f3n social,\u00a0 y de la libertad de expresi\u00f3n. En el marco de la movilizaci\u00f3n organizada para el 6 de marzo su expresi\u00f3n puede conducir a profundizar los niveles de riesgo\u00a0 para las v\u00edctimas que\u00a0 demandan el cumplimiento de sus derechos.<\/p>\n<p>Con base en lo anteriormente expuesto nos permitimos solicitar lo siguiente:<\/p>\n<p>1.\u00a0\u00a0\u00a0 Hacer un pronunciamiento p\u00fablico\u00a0 en que se respalden las justas peticiones de las v\u00edctimas y se ofrezcan garant\u00edas y protecci\u00f3n integral,\u00a0\u00a0 el retorno en condiciones de dignidad,\u00a0 que parten del desmantelamiento real y definitivo de las estructuras paramilitares, la identificaci\u00f3n a los perpetradores y beneficiarios de los cr\u00edmenes y\u00a0 la investigaci\u00f3n y sanci\u00f3n a los responsables.<\/p>\n<p>2.\u00a0\u00a0\u00a0 Se\u00a0 muestren resultados en la investigaci\u00f3n y sanci\u00f3n a los responsables de los asesinatos a v\u00edctimas reclamantes de tierras, desplazados, as\u00ed como por\u00a0 las amenazas proferidas por estructuras paramilitares. Y se\u00a0 den plenas garant\u00edas a las v\u00edctimas con respuestas eficaces pol\u00edticas y materiales frente a la persecuci\u00f3n y amenazas de las que son objeto<\/p>\n<p>3.\u00a0\u00a0\u00a0 Se den garant\u00edas a los participantes de las marchas del pr\u00f3ximo martes 6 de marzo.<\/p>\n<p>4.\u00a0\u00a0\u00a0 Se deroguen las normas y legislaci\u00f3n que atenta contra los derechos de los reclamantes de tierras y se desarrolle una pol\u00edtica p\u00fablica orientada a la democratizaci\u00f3n\u00a0 de la tenencia de la tierra a trav\u00e9s de una reforma agraria,\u00a0 frenar el despojo, garantizar la reparaci\u00f3n real e integral\u00a0 a las v\u00edctimas,\u00a0 y el establecimiento de procedimientos y recursos expeditos de justicia que tenga como eje articulador la garant\u00eda del derecho a la\u00a0 verdad sobre lo ocurrido.<\/p>\n<p>5.\u00a0\u00a0\u00a0 Se cumpla el mandato del art\u00edculo 150 de la ley 1448 de 2011, consistente en desmantelamiento de las estructuras econ\u00f3micas y pol\u00edticas que se han beneficiado y que han dado sustento a los grupos armados al margen de la ley, con el fin de asegurar la realizaci\u00f3n de las garant\u00edas de no repetici\u00f3n<\/p>\n<p>Para efecto\u00a0 de cualquier notificaci\u00f3n a la Calle 16 No 6 \u2013 66 Piso 25. Bogot\u00e1.<\/p>\n<p>Mail: stnacional@movimientodevictimas.org<\/p>\n<p>Atentamente,<\/p>\n<p>Comit\u00e9 de impulso<br \/>MOVIMIENTO DE VICTIMAS DE CRIMENES DE ESTADO<br \/>(Siguen firmas)<\/p>\n<p>Copias:<br \/>Ministerio del interior<br \/>Ministerio de Agricultura<br \/>Ministerio de Justicia<br \/>Ministerio de Defensa Nacional<br \/>Defensor del pueblo<br \/>Procurador General de la Naci\u00f3n<br \/>Oficina de la Alta comisionada de la Naciones Unidas para los DH<br \/>MAPP\/OEA: Misi\u00f3n de Apoyo al Proceso de Paz en Colombia de la Organizaci\u00f3n de los Estados Americanos.<\/p>\n<p>Fuente: http:\/\/www.movimientodevictimas.org\/index.php?option=com_content&amp;view=article&amp;id=1207:carta-del-movice-al-presidente-juan-manuel-santos-previa-movilizacion-del-6-de-marzo&amp;catid=50:6-de-marzo&amp;Itemid=554<\/p>\n<p>\u00a0<\/p>\n","protected":false},"excerpt":{"rendered":"<p>El Movimiento Nacional de V\u00edctimas de Cr\u00edmenes de Estado, MOVICE, saluda, apoya y acompa\u00f1a en este 6 de marzo, D\u00eda Internacional de las v\u00edctimas de Cr\u00edmenes de Estado, a las movilizaciones y [&hellip;]<\/p>\n","protected":false},"author":1,"featured_media":0,"comment_status":"open","ping_status":"open","sticky":false,"template":"","format":"standard","meta":[],"categories":[73],"tags":[],"_links":{"self":[{"href":"https:\/\/tejidohistorico.afrodescendientes.com\/index.php\/wp-json\/wp\/v2\/posts\/3454"}],"collection":[{"href":"https:\/\/tejidohistorico.afrodescendientes.com\/index.php\/wp-json\/wp\/v2\/posts"}],"about":[{"href":"https:\/\/tejidohistorico.afrodescendientes.com\/index.php\/wp-json\/wp\/v2\/types\/post"}],"author":[{"embeddable":true,"href":"https:\/\/tejidohistorico.afrodescendientes.com\/index.php\/wp-json\/wp\/v2\/users\/1"}],"replies":[{"embeddable":true,"href":"https:\/\/tejidohistorico.afrodescendientes.com\/index.php\/wp-json\/wp\/v2\/comments?post=3454"}],"version-history":[{"count":0,"href":"https:\/\/tejidohistorico.afrodescendientes.com\/index.php\/wp-json\/wp\/v2\/posts\/3454\/revisions"}],"wp:attachment":[{"href":"https:\/\/tejidohistorico.afrodescendientes.com\/index.php\/wp-json\/wp\/v2\/media?parent=3454"}],"wp:term":[{"taxonomy":"category","embeddable":true,"href":"https:\/\/tejidohistorico.afrodescendientes.com\/index.php\/wp-json\/wp\/v2\/categories?post=3454"},{"taxonomy":"post_tag","embeddable":true,"href":"https:\/\/tejidohistorico.afrodescendientes.com\/index.php\/wp-json\/wp\/v2\/tags?post=3454"}],"curies":[{"name":"wp","href":"https:\/\/api.w.org\/{rel}","templated":true}]}}