{"id":3456,"date":"2012-03-07T13:43:25","date_gmt":"2012-03-07T13:43:25","guid":{"rendered":"http:\/\/www2.nasaacin.org\/index.php\/2012\/03\/07\/llamamiento-comunitario-en-el-marco-de-la-asamblea-permanente-de-movilizacion-de-los-pueblos-indigenas\/"},"modified":"2020-06-10T20:59:28","modified_gmt":"2020-06-10T20:59:28","slug":"llamamiento-comunitario-en-el-marco-de-la-asamblea-permanente-de-movilizacion-de-los-pueblos-indigenas","status":"publish","type":"post","link":"https:\/\/tejidohistorico.afrodescendientes.com\/index.php\/2012\/03\/07\/llamamiento-comunitario-en-el-marco-de-la-asamblea-permanente-de-movilizacion-de-los-pueblos-indigenas\/","title":{"rendered":"Llamamiento comunitario en el marco de la asamblea permanente de movilizaci\u00f3n de los Pueblos Ind\u00edgenas"},"content":{"rendered":"<\/p>\n<p>Declaratoria de la emergencia territorial y humanitaria por las afectaciones directas, permanentes y sistem\u00e1ticas del modelo econ\u00f3mico, de guerra y grupos armados (legal o insurgente) sobre nuestros territorios.<\/p>\n<p>  <!--more-->  <\/p>\n<p>\u00a0<\/p>\n<h3>LLAMAMIENTO COMUNITARIO EN EL MARCO DE LA ASAMBLEA PERMANENTE DE MOVILIZACI\u00d3N DE LOS PUEBLOS IND\u00cdGENAS Y ORGANIZACIONES SOCIALES, POR LA DEFENSA DE LA VIDA, EL TERRITORIO Y LA AUTONOM\u00cdA<\/h3>\n<h3><span style=\"font-weight: normal;\">ZONA NORTE DEL CAUCA &#8211; COLOMBIA<\/span><\/h3>\n<p>\u00a0<\/p>\n<p><strong>OBJETIVO:<\/strong> Desde la resistencia pac\u00edfica y milenaria, caminar los territorios en minga, el pensamiento, la palabra frente a la guerra y frente a los dem\u00e1s proyectos de muerte.<\/p>\n<p>\u00a0<\/p>\n<p><strong>PRIMER MOMENTO:<\/strong><\/p>\n<p><a href=\"attachments\/article\/3348\/BA%C3%87%20UKWE%20CXHABTE%20%20resolucion%20de%20emergencia%20enero%202012%20doc%20final..pdf\" target=\"_blank\" rel=\"noopener noreferrer\">Resoluci\u00f3n 001 del 25 de enero del 2012 del Cabildo Ind\u00edgena de Jambal\u00f3.<\/a><\/p>\n<p>Declaratoria de la emergencia territorial y humanitaria por las afectaciones directas, permanentes y sistem\u00e1ticas del modelo econ\u00f3mico, de guerra y grupos armados (legal o insurgente) sobre nuestros territorios: Asesinatos, amenazas a l\u00edderes, se\u00f1alamientos, encapuchados en medio de la Fuerza P\u00fablica, acusaciones, secuestros, acciones c\u00edvico militares, instalaci\u00f3n de minas anti-personas, hostigamientos constantes que afecta a la poblaci\u00f3n civil, reclutamiento forzado (ni\u00f1os y j\u00f3venes), implementaci\u00f3n de la de red de informantes, violencia sexual, implementaci\u00f3n de batallones, bombardeos a sitios sagrados, ubicaci\u00f3n de garitas de la fuerza p\u00fablica cerca de las viviendas civiles o sitios comunitarios, desplazamiento gota gota, organizaciones paralelas, anuncios de m\u00e1s militarizaci\u00f3n de los territorios ind\u00edgenas por los actores armados, solicitud de concesiones mineras por las multinacionales entre otras.<\/p>\n<p>\u00a0<\/p>\n<p>Asamblea permanente e itinerante de movilizaci\u00f3n y <a href=\"http:\/\/anterior.nasaacin.org\/index.php\/2012\/02\/08\/cauca-qasamblea-permante-para-sentirnos-unidos-y-fuertesq\/\" target=\"_blank\" rel=\"noopener noreferrer\">control territorial<\/a> con los Kiwe Thengnas &#8211; Guardia ind\u00edgena, desde el 2 de febrero del 2012.<\/p>\n<p>\u00a0<\/p>\n<p><strong>SEGUNDO MOMENTO:<\/strong><\/p>\n<p>Jueves 8 de marzo desde Santander de Quilichao &#8211; Cauca &#8211; Colombia a partir de 9 AM (de manera indefinida)<\/p>\n<p>\u00a0<\/p>\n<p><strong>Continuar caminando la palabra en el marco de la asamblea permanente de movilizaci\u00f3n de los pueblos en defensa de la vida, el ejercicio del control territorial y gobierno propio desde<\/strong>: San Pedro (Santander de Quilichao); Caloto: El Palo, El Tierrero; Torib\u00edo: La Despensa, Natal\u00e1; Jambal\u00f3: Loma Gruesa, Loma Redonda, La Mina; Casco Urbano de Jambal\u00f3 y La Mina.<\/p>\n<p>\u00a0<\/p>\n<p>\u00a1Reclamamos la memoria! Todos nos debemos este reclamo, debemos exigirnos la consciencia y la memoria no como un culto a la muerte, sino como culto a la vida y a la dignidad. Para no permitirnos que las desapariciones forzadas, el terror, la violencia sexual, la aceptaci\u00f3n y el silencio se vuelvan cotidianos. Para que as\u00ed sea posible continuar con las luchas de nuestros seres queridos, para que en nuestra memoria y en nuestras acciones sigan vivos.<\/p>\n<p>\u00a0<\/p>\n<p>Sesi\u00f3n del NASA WALA y TRIBUNAL IND\u00cdGENA de car\u00e1cter local, zonal, regional para continuar desarrollando las dem\u00e1s mingas de resistencia civil y pac\u00edfica ya determinadas colectivamente.<\/p>\n<p>\u00a0<\/p>\n<p><strong> <\/strong><\/p>\n<p><strong>\u00a1Todos en minga por la pervivencia de los pueblos!<\/strong><\/p>\n<p><strong> <\/strong><\/p>\n<p><strong>Autoridad tradicional Nej Wesh del Resguardo de Jambal\u00f3, Plan de vida &#8211; Proyecto Global, Chamb Wala Kiwe-ACIN, Consejo Regional Ind\u00edgena del Cauca &#8211; CRIC.<\/strong><\/p>\n<p><strong> <\/strong><\/p>\n<p><img loading=\"lazy\" class=\" size-full wp-image-3455\" src=\"http:\/\/www2.nasaacin.org\/wp-content\/uploads\/2012\/03\/volante-con-logo.jpg\" border=\"0\" width=\"593\" height=\"778\" srcset=\"https:\/\/tejidohistorico.afrodescendientes.com\/wp-content\/uploads\/2012\/03\/volante-con-logo.jpg 593w, https:\/\/tejidohistorico.afrodescendientes.com\/wp-content\/uploads\/2012\/03\/volante-con-logo-229x300.jpg 229w\" sizes=\"(max-width: 593px) 100vw, 593px\" \/><\/p>\n","protected":false},"excerpt":{"rendered":"<p>Declaratoria de la emergencia territorial y humanitaria por las afectaciones directas, permanentes y sistem\u00e1ticas del modelo econ\u00f3mico, de guerra y grupos armados (legal o insurgente) sobre nuestros territorios.<\/p>\n","protected":false},"author":2,"featured_media":2293,"comment_status":"open","ping_status":"open","sticky":false,"template":"","format":"standard","meta":[],"categories":[75],"tags":[],"_links":{"self":[{"href":"https:\/\/tejidohistorico.afrodescendientes.com\/index.php\/wp-json\/wp\/v2\/posts\/3456"}],"collection":[{"href":"https:\/\/tejidohistorico.afrodescendientes.com\/index.php\/wp-json\/wp\/v2\/posts"}],"about":[{"href":"https:\/\/tejidohistorico.afrodescendientes.com\/index.php\/wp-json\/wp\/v2\/types\/post"}],"author":[{"embeddable":true,"href":"https:\/\/tejidohistorico.afrodescendientes.com\/index.php\/wp-json\/wp\/v2\/users\/2"}],"replies":[{"embeddable":true,"href":"https:\/\/tejidohistorico.afrodescendientes.com\/index.php\/wp-json\/wp\/v2\/comments?post=3456"}],"version-history":[{"count":1,"href":"https:\/\/tejidohistorico.afrodescendientes.com\/index.php\/wp-json\/wp\/v2\/posts\/3456\/revisions"}],"predecessor-version":[{"id":9197,"href":"https:\/\/tejidohistorico.afrodescendientes.com\/index.php\/wp-json\/wp\/v2\/posts\/3456\/revisions\/9197"}],"wp:featuredmedia":[{"embeddable":true,"href":"https:\/\/tejidohistorico.afrodescendientes.com\/index.php\/wp-json\/wp\/v2\/media\/2293"}],"wp:attachment":[{"href":"https:\/\/tejidohistorico.afrodescendientes.com\/index.php\/wp-json\/wp\/v2\/media?parent=3456"}],"wp:term":[{"taxonomy":"category","embeddable":true,"href":"https:\/\/tejidohistorico.afrodescendientes.com\/index.php\/wp-json\/wp\/v2\/categories?post=3456"},{"taxonomy":"post_tag","embeddable":true,"href":"https:\/\/tejidohistorico.afrodescendientes.com\/index.php\/wp-json\/wp\/v2\/tags?post=3456"}],"curies":[{"name":"wp","href":"https:\/\/api.w.org\/{rel}","templated":true}]}}