{"id":3471,"date":"2012-03-09T12:50:57","date_gmt":"2012-03-09T12:50:57","guid":{"rendered":"http:\/\/www2.nasaacin.org\/index.php\/2012\/03\/09\/el-quimbo-cumulo-de-aberraciones-institucionales\/"},"modified":"2012-03-09T12:50:57","modified_gmt":"2012-03-09T12:50:57","slug":"el-quimbo-cumulo-de-aberraciones-institucionales","status":"publish","type":"post","link":"https:\/\/tejidohistorico.afrodescendientes.com\/index.php\/2012\/03\/09\/el-quimbo-cumulo-de-aberraciones-institucionales\/","title":{"rendered":"El Quimbo, c\u00famulo de aberraciones institucionales"},"content":{"rendered":"<p>En Colombia se cuenta con las instituciones para forzar la ley y construir una hidroel\u00e9ctrica. Es lo que pasa en El Quimbo, central que construye Emgesa en el Alto Magdalena y que afecta siete municipios huilenses. El proyecto cuesta cerca de 900 millones de d\u00f3lares para generar 400 megavatios, apenas 3% adicional al sistema nacional, que tiene capacidad de 14.420, con un \u00e1rea de embalse de 8.557 hect\u00e1reas.<\/p>\n<p>  <!--more-->  <\/p>\n<p>La Empresa de Energ\u00eda de Bogot\u00e1 (EEB), seg\u00fan reportes de acceso p\u00fablico, tiene el 51% de Emgesa y el resto es del grupo italo-espa\u00f1ol, Endesa. A su vez, la mayor\u00eda accionaria de la EEB la mantiene el Distrito Capital. Por lo prescrito en el acuerdo del Concejo de Bogot\u00e1, que transform\u00f3 las empresas de energ\u00eda, la gesti\u00f3n recae en la multinacional europea.<\/p>\n<p> La opini\u00f3n est\u00e1 asombrada con las irregularidades institucionales para imponer, a como de lugar, este macro proyecto. El Ministerio de Ambiente, aunque sea de su arbitrio citarla o no, se eximi\u00f3 de efectuar la Audiencia Ambiental donde la comunidad presentara objeciones a la licencia ambiental otorgada a\u00fan contra la opini\u00f3n de la Contralor\u00eda y la Procuradur\u00eda ambiental. Inexplicablemente, para el mayor desv\u00edo del R\u00edo Magdalena no se escuch\u00f3 a la ciudadan\u00eda.<\/p>\n<p>El presidente Santos, por su parte, declar\u00f3 de utilidad p\u00fablica 35 mil hect\u00e1reas adicionales facultando as\u00ed a Emgesa para expropiar tierras cuando los propietarios se nieguen a transarlas al valor impuesto. En ese caso, y en el de \u00e1reas de compensaci\u00f3n, no reconoce valores comerciales y tales reparaciones, que para la agricultura deber\u00edan hacerse por el tama\u00f1o de una UAF (aqu\u00ed equival\u00eda a 50 hect\u00e1reas), se hacen en parcelas de cinco. Los pescadores del sitio y los de aguas abajo antes que recibir garant\u00edas para laborar en condiciones iguales o superiores, seg\u00fan se ordena constitucionalmente, han sido reprimidos como se ve en el famoso video que registra miles de reproducciones.<\/p>\n<p>La energ\u00eda que producir\u00e1 El Quimbo no ser\u00e1 exclusivamente para el mercado interno sino que se proyecta a los externos, exportando de esa forma el agua. El Quimbo, adem\u00e1s de ser zona franca y gozar de contrato de estabilidad jur\u00eddica, conlleva ganancia adicional y segura, conocida como cargo por confiabilidad, incentivo que significa hasta el 60% del valor burs\u00e1til de la energ\u00eda, es negocio de \u201cburro amarrado\u201d. Basta agregar que tanta arbitrariedad contra miles de humildes familias rurales, reforzada por la acci\u00f3n abusiva de la fuerza p\u00fablica, como es costumbre desde las \u00e9pocas de la United Fruit Company, a favor del m\u00e1s fuerte, tiene una ventaja adicional: el presidente de la Junta Directiva de Emgesa, Jos\u00e9 Antonio Vargas Lleras, es hermano del ministro del Interior. As\u00ed cualquier atropello corre para privatizar los r\u00edos.<\/p>\n<p>\u00a0<\/p>\n<p>Moir<\/p>\n","protected":false},"excerpt":{"rendered":"<p>En Colombia se cuenta con las instituciones para forzar la ley y construir una hidroel\u00e9ctrica. Es lo que pasa en El Quimbo, central que construye Emgesa en el Alto Magdalena y que [&hellip;]<\/p>\n","protected":false},"author":1,"featured_media":0,"comment_status":"open","ping_status":"open","sticky":false,"template":"","format":"standard","meta":[],"categories":[75],"tags":[],"_links":{"self":[{"href":"https:\/\/tejidohistorico.afrodescendientes.com\/index.php\/wp-json\/wp\/v2\/posts\/3471"}],"collection":[{"href":"https:\/\/tejidohistorico.afrodescendientes.com\/index.php\/wp-json\/wp\/v2\/posts"}],"about":[{"href":"https:\/\/tejidohistorico.afrodescendientes.com\/index.php\/wp-json\/wp\/v2\/types\/post"}],"author":[{"embeddable":true,"href":"https:\/\/tejidohistorico.afrodescendientes.com\/index.php\/wp-json\/wp\/v2\/users\/1"}],"replies":[{"embeddable":true,"href":"https:\/\/tejidohistorico.afrodescendientes.com\/index.php\/wp-json\/wp\/v2\/comments?post=3471"}],"version-history":[{"count":0,"href":"https:\/\/tejidohistorico.afrodescendientes.com\/index.php\/wp-json\/wp\/v2\/posts\/3471\/revisions"}],"wp:attachment":[{"href":"https:\/\/tejidohistorico.afrodescendientes.com\/index.php\/wp-json\/wp\/v2\/media?parent=3471"}],"wp:term":[{"taxonomy":"category","embeddable":true,"href":"https:\/\/tejidohistorico.afrodescendientes.com\/index.php\/wp-json\/wp\/v2\/categories?post=3471"},{"taxonomy":"post_tag","embeddable":true,"href":"https:\/\/tejidohistorico.afrodescendientes.com\/index.php\/wp-json\/wp\/v2\/tags?post=3471"}],"curies":[{"name":"wp","href":"https:\/\/api.w.org\/{rel}","templated":true}]}}