{"id":3482,"date":"2012-03-13T13:47:20","date_gmt":"2012-03-13T13:47:20","guid":{"rendered":"http:\/\/www2.nasaacin.org\/index.php\/2012\/03\/13\/aumentan-amenazas-contra-los-sindicalistas-en-colombia-pnud\/"},"modified":"2012-03-13T13:47:20","modified_gmt":"2012-03-13T13:47:20","slug":"aumentan-amenazas-contra-los-sindicalistas-en-colombia-pnud","status":"publish","type":"post","link":"https:\/\/tejidohistorico.afrodescendientes.com\/index.php\/2012\/03\/13\/aumentan-amenazas-contra-los-sindicalistas-en-colombia-pnud\/","title":{"rendered":"Aumentan amenazas contra los sindicalistas en Colombia: Pnud"},"content":{"rendered":"<p>M\u00e1s de 2.800 asesinatos, 216 desapariciones forzosas y 163 secuestros en los \u00faltimos 27 a\u00f1os son algunas de las preocupantes cifras que arroja el informe sobre violencia contra sindicalistas presentado por el Pnud.<\/p>\n<p>  <!--more-->  <\/p>\n<p>\u00bfPor qu\u00e9 matan a los sindicalistas? \u00bfQui\u00e9n est\u00e1 detr\u00e1s de esta violencia? \u00bfQu\u00e9 ha logrado hacer hasta hoy el Estado colombiano frente a estos hechos? Estos son algunos de los interrogantes que intenta resolver el informe &#8216;Reconocer el pasado, construir el futuro&#8217;, un estudio que le llev\u00f3 dos a\u00f1os de investigaci\u00f3n al Plan de las Naciones Unidas para el Desarrollo, Pnud, y que fue presentado este lunes.<\/p>\n<p>La situaci\u00f3n de violencia contra los trabajadores sindicalizados en el \u00faltimo cuarto de siglo llevaron a la elaboraci\u00f3n de este documento, que seg\u00fan el embajador de la ONU en Colombia, Bruno Moro, no busca denunciar sino &#8220;mejorar la base de conocimiento sobre la violencia contra sindicalistas en Colombia y contribuir al fortalecimiento del di\u00e1logo entre los actores comprometidos con la soluci\u00f3n del fen\u00f3meno&#8221;.<\/p>\n<p>El coordinador del proyecto Carlos Miguel Ortiz, explic\u00f3 que respecto a la cifra de 2.800 asesinatos que ha habido desde 1984, a\u00f1o en el que se empieza con la recolecci\u00f3n de las cifras, &#8220;la tasa de homicidios es muy alta desde cualquier punto de vista. Hay una tendencia descendente desde 2003, pero todav\u00eda no nos deja tranquilos porque en ning\u00fan a\u00f1o baja de los 30 homicidios&#8221;, asegur\u00f3.<\/p>\n<p>&#8220;Adem\u00e1s de los homicidios hay casos de desaparici\u00f3n forzada y secuestros. Desde 2007 han aumentado las amenazas. Deber\u00edamos preguntarnos si se trata de un descenso de la violencia o si es una transformaci\u00f3n de sus manifestaciones&#8221;, matiz\u00f3 Ortiz.<\/p>\n<p><strong>\u00bfQu\u00e9 hay detr\u00e1s de la persecuci\u00f3n a los sindicalistas?<\/strong><\/p>\n<p>La pregunta planteada es sin duda uno de los debates m\u00e1s importantes. Bruno Moro, se\u00f1ala que la violencia antisindical &#8220;ha sido un tema de gran pol\u00e9mica en Colombia por muchos a\u00f1os, se considera como uno de sus principales problemas de derechos humanos, y el pa\u00eds resalta como uno de los de mayores violaciones&#8221;.<\/p>\n<p>Pero, \u00bfqu\u00e9 hay detr\u00e1s de esto? Seg\u00fan el estudio, la violencia antisindical en Colombia est\u00e1 concentrada en algunas regiones (Antioquia, Santander, Valle del Cauca, Cesar, Arauca, Atl\u00e1ntico y C\u00f3rdoba) y en algunos sindicatos, especialmente los del magisterio, bananeros y petroleros.<\/p>\n<p>&#8220;Una violencia tan concentrada plantea la pregunta de si puede ser aleatoria y general o si es sistem\u00e1tica, y en ese caso qui\u00e9n est\u00e1 detr\u00e1s&#8221;, dijo Ortiz. &#8220;El debate sobre la autor\u00eda de los cr\u00edmenes es crucial por el derecho a la verdad, justicia y reparaci\u00f3n; pero a la vez es el m\u00e1s dif\u00edcil, porque el 78% de los homicidios aparece sin autor&#8221;, explic\u00f3.<\/p>\n<p>De los casos sentenciados, apenas 223, s\u00f3lo 25% establece el autor material y 7,8% se\u00f1ala la autor\u00eda intelectual. De acuerdo con las cifras, grupos paramilitares ser\u00edan los autores en 14% de los homicidios, las guerrillas del 5,1% y agentes del Estado de otro 1,7%. &#8220;La delincuencia com\u00fan tiene un porcentaje baj\u00edsimo, casi insignificante, lo que contrasta con la tesis de que los sindicalistas han sido asesinados para robarlos&#8221;, indic\u00f3 Ortiz.<\/p>\n<p>Entre los m\u00f3viles de estos cr\u00edmenes, en 56% de los casos figura el &#8220;antisindical&#8221;; es decir, que los homicidios tuvieron como causa la actividad sindical de las v\u00edctimas. Pero el Pnud alert\u00f3 que de ese porcentaje, &#8220;en 40,5% el m\u00f3vil del crimen fue la calificaci\u00f3n de la v\u00edctima por parte del victimario como subversivo por el solo hecho de ejercer la actividad sindical&#8221;.<\/p>\n<p>Este fen\u00f3meno, que el Pnud llama el &#8220;prejuicio insurgente&#8221; o el &#8220;estereotipo del sindicalista-guerrillero&#8221;, constituye el &#8220;pre\u00e1mbulo de la victimizaci\u00f3n&#8221; y &#8220;no s\u00f3lo est\u00e1 en la cabeza del victimario, sino en la de la gente del com\u00fan&#8221;, apunt\u00f3 Ortiz.<\/p>\n<p>El estudio fue promovido por Canad\u00e1, Espa\u00f1a, Estados Unidos, Francia, Noruega, Pa\u00edses Bajos, Reino Unido y Suecia, bajo la coordinaci\u00f3n del Pnud. Sus resultados ser\u00e1n presentados este mi\u00e9rcoles al gobierno del presidente Santos, las centrales sindicales y la asociaci\u00f3n de industriales, que participaron en su elaboraci\u00f3n.<\/p>\n<p>\u00a0<\/p>\n<p>\u00a0<\/p>\n<p>Semana<\/p>\n","protected":false},"excerpt":{"rendered":"<p>M\u00e1s de 2.800 asesinatos, 216 desapariciones forzosas y 163 secuestros en los \u00faltimos 27 a\u00f1os son algunas de las preocupantes cifras que arroja el informe sobre violencia contra sindicalistas presentado por el [&hellip;]<\/p>\n","protected":false},"author":1,"featured_media":0,"comment_status":"open","ping_status":"open","sticky":false,"template":"","format":"standard","meta":[],"categories":[75],"tags":[],"_links":{"self":[{"href":"https:\/\/tejidohistorico.afrodescendientes.com\/index.php\/wp-json\/wp\/v2\/posts\/3482"}],"collection":[{"href":"https:\/\/tejidohistorico.afrodescendientes.com\/index.php\/wp-json\/wp\/v2\/posts"}],"about":[{"href":"https:\/\/tejidohistorico.afrodescendientes.com\/index.php\/wp-json\/wp\/v2\/types\/post"}],"author":[{"embeddable":true,"href":"https:\/\/tejidohistorico.afrodescendientes.com\/index.php\/wp-json\/wp\/v2\/users\/1"}],"replies":[{"embeddable":true,"href":"https:\/\/tejidohistorico.afrodescendientes.com\/index.php\/wp-json\/wp\/v2\/comments?post=3482"}],"version-history":[{"count":0,"href":"https:\/\/tejidohistorico.afrodescendientes.com\/index.php\/wp-json\/wp\/v2\/posts\/3482\/revisions"}],"wp:attachment":[{"href":"https:\/\/tejidohistorico.afrodescendientes.com\/index.php\/wp-json\/wp\/v2\/media?parent=3482"}],"wp:term":[{"taxonomy":"category","embeddable":true,"href":"https:\/\/tejidohistorico.afrodescendientes.com\/index.php\/wp-json\/wp\/v2\/categories?post=3482"},{"taxonomy":"post_tag","embeddable":true,"href":"https:\/\/tejidohistorico.afrodescendientes.com\/index.php\/wp-json\/wp\/v2\/tags?post=3482"}],"curies":[{"name":"wp","href":"https:\/\/api.w.org\/{rel}","templated":true}]}}