{"id":3483,"date":"2012-03-13T13:53:40","date_gmt":"2012-03-13T13:53:40","guid":{"rendered":"http:\/\/www2.nasaacin.org\/index.php\/2012\/03\/13\/peru-piden-declarar-emergencia-ambiental-por-contaminacion-petrolera-en-loreto\/"},"modified":"2012-03-13T13:53:40","modified_gmt":"2012-03-13T13:53:40","slug":"peru-piden-declarar-emergencia-ambiental-por-contaminacion-petrolera-en-loreto","status":"publish","type":"post","link":"https:\/\/tejidohistorico.afrodescendientes.com\/index.php\/2012\/03\/13\/peru-piden-declarar-emergencia-ambiental-por-contaminacion-petrolera-en-loreto\/","title":{"rendered":"Per\u00fa: Piden declarar \u201cemergencia ambiental\u201d por contaminaci\u00f3n petrolera en Loreto"},"content":{"rendered":"<p>Servindi, 12 de marzo, 2012.- Debido a los impactos ambientales de la actividad petrolera durante 40 a\u00f1os en su regi\u00f3n, actualmente en manos de la empresa Pluspetrol, la Federaci\u00f3n de Comunidades Nativas del r\u00edo Tigre (FECONAT), base de la regional ORPIO pidi\u00f3 al Gobierno declarar en emergencia ambiental la regi\u00f3n del Alto Tigre.<\/p>\n<p>  <!--more-->  <\/p>\n<p>Con ese fin, Feconat envi\u00f3 el oficio No.016 \u2013 FECONAT\/2012 a Yuri Alegre Palomino, gerente regional de Desarrollo Social del Gobierno Regional de Loreto (Gorel), y a Erwin Florett D\u00edaz, sub gerente regional de Nacionalidades Ind\u00edgenas, proponiendo que se emita una ordenanza regional donde se disponga solicitar la declaratoria de emergencia ante el Ministerio del Medio Ambiente.<\/p>\n<p>De acuerdo a Emerson Sandy, presidente de Feconat, al documento se anex\u00f3 el Proyecto de Ordenanza, el acta de la Asamblea de los Apus del Tigre y el estudio realizado por el Observatorio Petrolero de la Amazon\u00eda Norte.<\/p>\n<p>Tambi\u00e9n se acompa\u00f1\u00f3 la Resoluci\u00f3n Directoral N\u00ba 085-2011-MEM\/AAE del 25 de marzo del 2011 que declara improcedente el procedimiento de evaluaci\u00f3n del Plan Ambiental complementario (PAC) para los yacimientos de Shiviyacu y Capahuari Sur Lote 1-AB.<\/p>\n<p>El pedido de Feconat se sustenta en la Ley N\u00ba 28804 que regula la declaratorias de Emergencia Ambiental y su Reglamento, Decreto Supremo N\u00ba024-2008-PCM; Ley N 29243 que modifica la Ley N\u00ba 288<\/p>\n<p>\u00a0<\/p>\n<p>\u00a0<\/p>\n<p>http:\/\/servindi.org\/actualidad\/60936<\/p>\n","protected":false},"excerpt":{"rendered":"<p>Servindi, 12 de marzo, 2012.- Debido a los impactos ambientales de la actividad petrolera durante 40 a\u00f1os en su regi\u00f3n, actualmente en manos de la empresa Pluspetrol, la Federaci\u00f3n de Comunidades Nativas [&hellip;]<\/p>\n","protected":false},"author":1,"featured_media":0,"comment_status":"open","ping_status":"open","sticky":false,"template":"","format":"standard","meta":[],"categories":[3],"tags":[],"_links":{"self":[{"href":"https:\/\/tejidohistorico.afrodescendientes.com\/index.php\/wp-json\/wp\/v2\/posts\/3483"}],"collection":[{"href":"https:\/\/tejidohistorico.afrodescendientes.com\/index.php\/wp-json\/wp\/v2\/posts"}],"about":[{"href":"https:\/\/tejidohistorico.afrodescendientes.com\/index.php\/wp-json\/wp\/v2\/types\/post"}],"author":[{"embeddable":true,"href":"https:\/\/tejidohistorico.afrodescendientes.com\/index.php\/wp-json\/wp\/v2\/users\/1"}],"replies":[{"embeddable":true,"href":"https:\/\/tejidohistorico.afrodescendientes.com\/index.php\/wp-json\/wp\/v2\/comments?post=3483"}],"version-history":[{"count":0,"href":"https:\/\/tejidohistorico.afrodescendientes.com\/index.php\/wp-json\/wp\/v2\/posts\/3483\/revisions"}],"wp:attachment":[{"href":"https:\/\/tejidohistorico.afrodescendientes.com\/index.php\/wp-json\/wp\/v2\/media?parent=3483"}],"wp:term":[{"taxonomy":"category","embeddable":true,"href":"https:\/\/tejidohistorico.afrodescendientes.com\/index.php\/wp-json\/wp\/v2\/categories?post=3483"},{"taxonomy":"post_tag","embeddable":true,"href":"https:\/\/tejidohistorico.afrodescendientes.com\/index.php\/wp-json\/wp\/v2\/tags?post=3483"}],"curies":[{"name":"wp","href":"https:\/\/api.w.org\/{rel}","templated":true}]}}