{"id":3520,"date":"2012-03-21T15:03:45","date_gmt":"2012-03-21T15:03:45","guid":{"rendered":"http:\/\/www2.nasaacin.org\/index.php\/2012\/03\/21\/conaie-carta-al-pueblo-ecuatoriano\/"},"modified":"2012-03-21T15:03:45","modified_gmt":"2012-03-21T15:03:45","slug":"conaie-carta-al-pueblo-ecuatoriano","status":"publish","type":"post","link":"https:\/\/tejidohistorico.afrodescendientes.com\/index.php\/2012\/03\/21\/conaie-carta-al-pueblo-ecuatoriano\/","title":{"rendered":"CONAIE: Carta al Pueblo Ecuatoriano"},"content":{"rendered":"<div> \tEstando en la provincia de Chimborazo Territorio de Naci\u00f3n Puruhua, cuna Fernando Daquelema, he sentido la necesidad de dirigirme a los Ecuatorianos y a las Ecuatorianas como una forma de entablar un di\u00e1logo fraterno.<\/div>\n<p>  <!--more-->  <\/p>\n<div> \t\u00a0<\/div>\n<div> \tNo s\u00f3lo para explicar nuestras razones de lucha en esta &ldquo;Marcha Plurinacional por el Agua, por la Vida y la Dignidad de los Pueblos del Ecuador&rdquo;, sino tambi\u00e9n para incentivar la conversaci\u00f3n social entre todos los habitantes del pa\u00eds, especialmente entre todos quienes luchan por otro mundo posible, otro mundo mejor, otro mundo m\u00e1s humano y respetuoso de la Vida de la Pacha Mama, m\u00e1s all\u00e1 de las fronteras, porque destruirla con el extractivismo capitalista es destruirnos a nosotros mismos, y condenar a nuestros hijos a que viven en un planeta destrozado por la codicia de poder y riqueza de pol\u00edticos insensibles a la vida planetaria.<\/div>\n<div> \t\u00a0<\/div>\n<div> \tEn diciembre del pasado a\u00f1o, en un acto p\u00fablico y publicado, nada clandestino, como deben ser los actos pol\u00edticos, la CONAIE debati\u00f3 y anunci\u00f3 la realizaci\u00f3n de una movilizaci\u00f3n nacional, cuyos objetivos, apegados a los mandatos de la Constituci\u00f3n de Montecristi, son: 1) la redistribuci\u00f3n del agua mediante la urgente aprobaci\u00f3n de una nueva ley de aguas; 2) una revoluci\u00f3n agraria para cuyo inicio es urgente la aprobaci\u00f3n de la Ley de tierras y la realizaci\u00f3n de la reforma agraria, tomando como base la soberan\u00eda alimentaria; 3) el cambio del modelo minero-extractivista que hoy se impone por un nuevo modelo, el del Buen Vivir-Sumak Kawsay; 4) la no aceptaci\u00f3n de nuevos impuestos que afecten a los peque\u00f1os propietarios y productores; y, 5) el cese inmediato de la criminalizaci\u00f3n de la protesta social y la anulaci\u00f3n de los juicios por sabotaje y terrorismo a los 194 l\u00edderes y lideresas comunitarias.\u00a0<\/div>\n<div> \t\u00a0<\/div>\n<div> \tCon este fin llamamos a la unidad con todos los sectores sociales organizados, y no con afanes golpistas o desestabilizadores como nos acusa maliciosamente el presidente Correa.<\/div>\n<div> \t\u00a0<\/div>\n<div> \tLa respuesta obtenida super\u00f3 nuestras expectativas. De esta decisi\u00f3n colectiva surgi\u00f3 la &ldquo;Marcha Plurinacional&rdquo;, recogiendo prioritariamente la iniciativa de las comunidades afectadas por la mega miner\u00eda, alarmadas por la anunciada firma de las concesiones y por el inicio del primer proyecto minero a cielo abierto en Zamora Chinchipe.<\/div>\n<div> \t\u00a0<\/div>\n<div> \tDesde entonces venimos realizando reuniones con nuestras organizaciones de base y con aquellas que se plegaban a la movilizaci\u00f3n. En estas reuniones recog\u00edamos propuestas, sentires, necesidades, adiciones y se planificaba. As\u00ed surge el tipo de movilizaci\u00f3n y la fecha. Repito nuevamente: una acci\u00f3n pol\u00edtica nada clandestina ni oculta; ni en sus objetivos ni en sus acciones a desarrollarse, que reitero nunca tiene como fin propiciar un golpe de estado o desestabilizar al gobierno.<\/div>\n<div> \t\u00a0<\/div>\n<div> \tNo es solo una movilizaci\u00f3n o un reclamo ind\u00edgena. Amplios segmentos de la poblaci\u00f3n urbana y rural, mestiza, ind\u00edgenas y de afros han coincidido en la elaboraci\u00f3n de una plataforma conjunta y en la movilizaci\u00f3n plurinacional.<\/div>\n<div> \t\u00a0<\/div>\n<div> \tPor eso nuestro asombro ante la reacci\u00f3n del gobierno, de la prensa oficial-p\u00fablica y de sus partidarios, que en lugar de dar respuesta claras sobre los objetivos de la marcha se apresur\u00f3 a calificarla de &ldquo;golpista&rdquo;, de &ldquo;intento de desestabilizaci\u00f3n del r\u00e9gimen&rdquo; y &ldquo;desestabilizar la democracia&rdquo;, de estar &ldquo;aliada y financiada por la vieja derecha&rdquo;.<\/div>\n<div> \t\u00a0<\/div>\n<div> \tCon esos falsos criterios iniciaron una inmensa campa\u00f1a nacional e internacional, llegando incluso a convocar, a trav\u00e9s de las Embajadas ecuatorianas, movilizaciones en respaldo del r\u00e9gimen, supuestamente amenazado. Nuestras primeras reacciones no fueron de enojo, sino de risa: \u00bfla respuesta del presidente es por incapacidad de comprender las movilizaciones aut\u00f3nomas de los pueblos organizados, o ser\u00e1 que la tan publicitada encuesta del 80% de respaldo al gobierno es una mentira propagand\u00edstica?<\/div>\n<div> \t\u00a0<\/div>\n<div> \tNosotros nos preguntamos: \u00bfcu\u00e1ndo la cr\u00edtica, la movilizaci\u00f3n popular y las propuestas alternativas han desestabilizado la democracia? A los \u00fanicos que la cr\u00edtica, la movilizaci\u00f3n y las propuestas han desestabilizado, son a los reg\u00edmenes autoritarios y a las dictaduras. A las democracias, solamente las han fortalecido.<\/div>\n<div> \t\u00a0<\/div>\n<div> \tPorfiado y dejando de lado respuestas objetivas y responsables a nuestras propuestas, el presidente Correa se dedic\u00f3 a la innoble tarea de activar todo el aparato del Estado, y digo del Estado y no de su Movimiento Alianza Pa\u00eds porque casi todos sus &ldquo;militantes&rdquo; son funcionarios gubernamentales, para intentar dividir a las organizaciones de base. Al no darle resultado esta estrategia, termina convocando a &ldquo;contramarchas&rdquo;, como lo hicieron gobiernos de la oligarqu\u00eda; recordemos las contramarchas de Lucio Guti\u00e9rrez.<\/div>\n<div> \t\u00a0<\/div>\n<div> \tPero la verdad prevalece con la acci\u00f3n. Una vez iniciada la marcha plurinacional el 8 de marzo, la ciudadan\u00eda ecuatoriana se ha ido sumando, tanto a la marcha como a las movilizaciones en las ciudades por donde los caminantes cruzan. En Loja, San Lucas, Saraguro, O\u00f1a, Nab\u00f3n, Cuenca, Azogues, Ca\u00f1ar, Guamote, Colta, Riobamba, la movilizaci\u00f3n y el apoyo est\u00e1n superando todas nuestras expectativas. En todos estos lugares la solidaridad y el respaldo han coincidido con los objetivos de la marcha. En ning\u00fan lugar se ha dicho, y menos hecho acciones que tengan como prop\u00f3sito desestabilizar el gobierno. Ante esta realidad, el gobierno, incapaz de reconocer sus errores y desbordado por sus propias mentiras, responde con insultos y agresiones racistas, as\u00ed como con permanentes provocaciones por parte de las fuerzas llamadas a asegurar el orden y la democracia, es decir el derecho constitucional que tiene el pueblo ecuatoriano a expresarse y movilizarse.<\/div>\n<div> \t\u00a0<\/div>\n<div> \tTambi\u00e9n es evidente que a lo largo de la marcha ning\u00fan acto de violencia ha sido provocado por nosotros; todo lo contrario, conforme avanzamos en nuestro caminar entablamos di\u00e1logo con los y las ecuatorianas, les explicamos las razones de nuestra lucha, ellos nos comparten sus situaciones, problemas y necesidades; nos escuchan y les escuchamos, as\u00ed avanzamos y la marcha crece y se fortalece.<\/div>\n<div> \t\u00a0<\/div>\n<div> \tYa hemos recorrido la mitad del camino; y pese a los ataques, desinformaci\u00f3n y descalificaci\u00f3n de parte del gobierno y de funcionarios serviles que en otros tiempos se consideraban nuestros compa\u00f1eros, y ahora por jugosos sueldos y cargos p\u00fablicos se han convertido en sirvientes de un gobierno capitalista, racista y enemigo de las organizaciones ind\u00edgenas y populares. Pero la verdad se va imponiendo, nuestra propuesta est\u00e1 siendo escuchada y alimentada. Cuando lleguemos a Quito, la fiesta democr\u00e1tica ser\u00e1 multitudinaria, frente a la cual todo el gobierno deber\u00e1 dar respuestas claras, concretas y urgentes. Y la lucha por la Vida y la justicia continuar\u00e1, porque es un clamor en todo el mundo.<\/div>\n<div> \t\u00a0<\/div>\n<div> \tEcuatorianas y Ecuatorianos, la marcha iniciada el 8 de marzo, como justo homenaje a las mujeres luchadores, crece gota a gota, ya es un torrentoso rio que sigue aumentando. Nosotros no regalamos equipos deportivos o balones, no compramos los votos con el bono de la miseria, no sobornamos a dirigentes, no utilizamos millones de d\u00f3lares del pueblo para movilizar gente, no tenemos dinero para confundir al pueblo en cadenas de televisi\u00f3n. Nuestra propaganda es el ejemplo de nuestros taitas y mamas que fueron dignos ante los opresores de turno. El fuego que nos mueve a marchar y luchar por la vida planetaria no son los d\u00f3lares, sino el fuego de las ideas libres y libertarias. La fuerza que nos lleva a luchar es el latido del coraz\u00f3n de la Pacha Mama que grita: \u00a1basta de extractivismo\u00a1 \u00a1Basta de tratarme como a una mercanc\u00eda! \u00a1Basta de tratarme con tanta ignorancia y codicia!<\/div>\n<div> \t\u00a0<\/div>\n<div> \tSin embargo, nuestra lucha es insuficiente sin la participaci\u00f3n de todos y todas. Hoy, al igual que en las victoriosas luchas contra el TLC, nuestro grito de combate sigue siendo: \u00a1Para todos todo, nada s\u00f3lo para los ind\u00edgenas! Concluyo recordando las palabras de Taita Leonidas Proa\u00f1o, que tambi\u00e9n nos alienta en para continuar defendiendo a la Pacha Mama:<\/div>\n<div> \t\u00a0<\/div>\n<div> \t&ldquo;Busco en todas partes luchadores por la Paz y por la Vida. Debemos actuar antes de que sea demasiado tarde, antes de que la ambici\u00f3n y la locura de unos hombres conviertan a nuestro planeta tierra en una luna muerta, en un cementerio del espacio&rdquo;<\/div>\n<div> \tLeonidas Proa\u00f1o.\u00a0<\/div>\n<div> \t\u00a0<\/div>\n<div> \t&ldquo;Quito Luz de Am\u00e9rica, cuna del general Rumi\u00f1ahui, llegaremos el 22 de marzo&rdquo;\u00a0<\/div>\n<div> \t\u00a0<\/div>\n<div> \t\u00a1Viva la lucha de los pueblos!<\/div>\n<div> \t\u00a0<\/div>\n<div> \t\u00a0<\/div>\n<div> \t<strong>HUMBERTO CHOLANGO<\/strong><\/div>\n<div> \tPresidente de la CONAIE<\/div>\n<div> \t<a href=\"http:\/\/www.conaie.org\/component\/content\/article\/1-ultimas-noticias\/498--carta-al-pueblo-ecuatoriano\">http:\/\/www.conaie.org\/component\/content\/article\/1-ultimas-noticias\/498&#8211;carta-al-pueblo-ecuatoriano<\/a><\/div>\n","protected":false},"excerpt":{"rendered":"<p>Estando en la provincia de Chimborazo Territorio de Naci\u00f3n Puruhua, cuna Fernando Daquelema, he sentido la necesidad de dirigirme a los Ecuatorianos y a las Ecuatorianas como una forma de entablar un [&hellip;]<\/p>\n","protected":false},"author":2,"featured_media":0,"comment_status":"open","ping_status":"open","sticky":false,"template":"","format":"standard","meta":[],"categories":[3],"tags":[],"_links":{"self":[{"href":"https:\/\/tejidohistorico.afrodescendientes.com\/index.php\/wp-json\/wp\/v2\/posts\/3520"}],"collection":[{"href":"https:\/\/tejidohistorico.afrodescendientes.com\/index.php\/wp-json\/wp\/v2\/posts"}],"about":[{"href":"https:\/\/tejidohistorico.afrodescendientes.com\/index.php\/wp-json\/wp\/v2\/types\/post"}],"author":[{"embeddable":true,"href":"https:\/\/tejidohistorico.afrodescendientes.com\/index.php\/wp-json\/wp\/v2\/users\/2"}],"replies":[{"embeddable":true,"href":"https:\/\/tejidohistorico.afrodescendientes.com\/index.php\/wp-json\/wp\/v2\/comments?post=3520"}],"version-history":[{"count":0,"href":"https:\/\/tejidohistorico.afrodescendientes.com\/index.php\/wp-json\/wp\/v2\/posts\/3520\/revisions"}],"wp:attachment":[{"href":"https:\/\/tejidohistorico.afrodescendientes.com\/index.php\/wp-json\/wp\/v2\/media?parent=3520"}],"wp:term":[{"taxonomy":"category","embeddable":true,"href":"https:\/\/tejidohistorico.afrodescendientes.com\/index.php\/wp-json\/wp\/v2\/categories?post=3520"},{"taxonomy":"post_tag","embeddable":true,"href":"https:\/\/tejidohistorico.afrodescendientes.com\/index.php\/wp-json\/wp\/v2\/tags?post=3520"}],"curies":[{"name":"wp","href":"https:\/\/api.w.org\/{rel}","templated":true}]}}