{"id":3525,"date":"2012-03-21T22:00:50","date_gmt":"2012-03-21T22:00:50","guid":{"rendered":"http:\/\/www2.nasaacin.org\/index.php\/2012\/03\/21\/narino-pueblo-awa-unipa-no-mas-violencia-en-nuestro-territorio\/"},"modified":"2012-03-21T22:00:50","modified_gmt":"2012-03-21T22:00:50","slug":"narino-pueblo-awa-unipa-no-mas-violencia-en-nuestro-territorio","status":"publish","type":"post","link":"https:\/\/tejidohistorico.afrodescendientes.com\/index.php\/2012\/03\/21\/narino-pueblo-awa-unipa-no-mas-violencia-en-nuestro-territorio\/","title":{"rendered":"Nari\u00f1o: Pueblo Aw\u00e1 &#8211; UNIPA, no m\u00e1s violencia en nuestro territorio"},"content":{"rendered":"<div> \t<\/div>\n<div> \tLa persecuci\u00f3n contra nosotros Inkal Aw\u00e1 continua, a todos los muertos que hemos enterrado hasta el momento, se suma la desaparici\u00f3n de un compa\u00f1ero en el sector de Tangarial, municipio de Tumaco &ndash; Nari\u00f1o, exigimos a sus captores devolverlo vivo y que no repitan ninguno de estos hechos a personas pertenecientes a nuestro pueblo.<\/div>\n<p>  <!--more-->  <\/p>\n<div> \t\u00a0<\/div>\n<h4> \t<strong><span style=\"color:#006400;\">POR NUESTRA PERVIVENCIA FISICA, PSICOLOGICA, CULTURAL Y ESPIRITUAL, NO MAS VIOLENCIA EN NUESTRO TERRITORIO.<\/span><\/strong><\/h4>\n<div> \t<img align=\"left\" alt=\"alt\" src=\"http:\/\/www.nasaacin.org\/images\/stories\/logo_unipa.png\" \/><\/div>\n<div> \tLa persecuci\u00f3n contra nosotros Inkal Aw\u00e1 continua, a todos los muertos que hemos enterrado hasta el momento, se suma la desaparici\u00f3n de un compa\u00f1ero en el sector de Tangarial, municipio de Tumaco &ndash; Nari\u00f1o, exigimos a sus captores devolverlo vivo y que no repitan ninguno de estos hechos a personas pertenecientes a nuestro pueblo.<\/div>\n<div> \t\u00a0<\/div>\n<div> \tLa victima de estos hechos responde al nombre de Augusto Marcial Cantic\u00fas, de la comunidad \u00a0Alto Palay (Resguardo gran Rosario), quien despu\u00e9s de haber llevado a su hijo en compa\u00f1\u00eda de su esposa hasta el puerto de Tumaco en b\u00fasqueda de ayuda m\u00e9dica, a mediod\u00eda del d\u00eda s\u00e1bado 17 de marzo de 2012, fue interceptado a su regreso en el sector de Tangarial por una moto con dos personas desconocidas, quien con armas de fuego de corto alcance, intimidaron a nuestro compa\u00f1ero oblig\u00e1ndolo a subir con ellos y llev\u00e1ndoselo, hasta el momento desconocemos su paradero. Augusto es padre de dos ni\u00f1as y un ni\u00f1o; es triste ver como este conflicto destruye familias, adem\u00e1s de dejar en zozobra todo un pueblo.<\/div>\n<div> \t\u00a0<\/div>\n<div> \tRecordemos que nuestro pueblo se encuentra amparado por las ordenes contenidas en los Autos 004 del 2009 y 174 del 2011 emanados por la Honorable Corte Constitucional, y las medidas cautelares otorgadas por la Comisi\u00f3n Interamericana de Derechos Humanos &ndash;CIDH, las cuales tienen como objetivo fundamental la pervivencia de todos nosotros Inkal Aw\u00e1 y que hasta el momento el estado colombiano no ha adoptado estas \u00f3rdenes con eficacia y pertinencia, dej\u00e1ndonos expuestos a todos los inconvenientes que surgen en nuestro territorio.<\/div>\n<div> \t\u00a0<\/div>\n<div> \t<strong>POR LO ANTERIOR, EXIGIMOS:<\/strong><\/div>\n<div> \t\u00a0<\/div>\n<div> \t\u00b7 Al gobierno Nacional de cumplimiento a todo lo pactado dentro de los autos 004 de 2009 y al 174 de 2011, en procura de salvaguardar nuestra integridad f\u00edsica, psicol\u00f3gica, cultural y espiritual.<\/div>\n<div> \t\u00a0<\/div>\n<div> \t\u00b7 A todos los organismos y autoridades competentes, se proceda con la m\u00e1xima celeridad en procura de realiza las investigaciones pertinentes \u00a0tendientes a la pronta liberaci\u00f3n de nuestro compa\u00f1ero Augusto.<\/div>\n<div> \t\u00a0<\/div>\n<div> \t\u00b7 A sus captores para que se le respete su vida e integridad f\u00edsica y se devuelva sano y salvo a sus familiares y al Pueblo Aw\u00e1 que lo reclama.<\/div>\n<div> \t\u00a0<\/div>\n<div> \tA la Defensor\u00eda del Pueblo que haga seguimiento a las situaciones que se est\u00e1n presentando en nuestro territorio.<\/div>\n<div> \t\u00a0<\/div>\n<div> \t\u00a0<\/div>\n<div> \t<strong>AUTORIDADES TRADICIONALES INDIGENAS DEL PUEBLO AW\u00c1 &ndash; UNIPA<\/strong><\/div>\n<div> \t\u00a0<\/div>\n<div> \t21 DE MARZO DE 2012<\/div>\n<div> \t<a href=\"http:\/\/awaunipa.org\/index.php?option=com_content&#038;view=article&#038;id=60;por-nuestra-pervivencia-fisica-psicologica-cultural-y-espiritual-no-mas-violencia-en-nuestro-territorio-&#038;catid=14;declaraciones&#038;Itemid=5\">http:\/\/awaunipa.org\/index.php?option=com_content&#038;view=article&#038;id=60;por-nuestra-pervivencia-fisica-psicologica-cultural-y-espiritual-no-mas-violencia-en-nuestro-territorio-&#038;catid=14;declaraciones&#038;Itemid=5<\/a><\/div>\n","protected":false},"excerpt":{"rendered":"<p>La persecuci\u00f3n contra nosotros Inkal Aw\u00e1 continua, a todos los muertos que hemos enterrado hasta el momento, se suma la desaparici\u00f3n de un compa\u00f1ero en el sector de Tangarial, municipio de Tumaco [&hellip;]<\/p>\n","protected":false},"author":2,"featured_media":0,"comment_status":"open","ping_status":"open","sticky":false,"template":"","format":"standard","meta":[],"categories":[73],"tags":[],"_links":{"self":[{"href":"https:\/\/tejidohistorico.afrodescendientes.com\/index.php\/wp-json\/wp\/v2\/posts\/3525"}],"collection":[{"href":"https:\/\/tejidohistorico.afrodescendientes.com\/index.php\/wp-json\/wp\/v2\/posts"}],"about":[{"href":"https:\/\/tejidohistorico.afrodescendientes.com\/index.php\/wp-json\/wp\/v2\/types\/post"}],"author":[{"embeddable":true,"href":"https:\/\/tejidohistorico.afrodescendientes.com\/index.php\/wp-json\/wp\/v2\/users\/2"}],"replies":[{"embeddable":true,"href":"https:\/\/tejidohistorico.afrodescendientes.com\/index.php\/wp-json\/wp\/v2\/comments?post=3525"}],"version-history":[{"count":0,"href":"https:\/\/tejidohistorico.afrodescendientes.com\/index.php\/wp-json\/wp\/v2\/posts\/3525\/revisions"}],"wp:attachment":[{"href":"https:\/\/tejidohistorico.afrodescendientes.com\/index.php\/wp-json\/wp\/v2\/media?parent=3525"}],"wp:term":[{"taxonomy":"category","embeddable":true,"href":"https:\/\/tejidohistorico.afrodescendientes.com\/index.php\/wp-json\/wp\/v2\/categories?post=3525"},{"taxonomy":"post_tag","embeddable":true,"href":"https:\/\/tejidohistorico.afrodescendientes.com\/index.php\/wp-json\/wp\/v2\/tags?post=3525"}],"curies":[{"name":"wp","href":"https:\/\/api.w.org\/{rel}","templated":true}]}}