{"id":3527,"date":"2012-03-21T22:48:05","date_gmt":"2012-03-21T22:48:05","guid":{"rendered":"http:\/\/www2.nasaacin.org\/index.php\/2012\/03\/21\/el-soldado-universal-del-general-navas\/"},"modified":"2012-03-21T22:48:05","modified_gmt":"2012-03-21T22:48:05","slug":"el-soldado-universal-del-general-navas","status":"publish","type":"post","link":"https:\/\/tejidohistorico.afrodescendientes.com\/index.php\/2012\/03\/21\/el-soldado-universal-del-general-navas\/","title":{"rendered":"El soldado universal del general Navas"},"content":{"rendered":"<p> \t\u00a0<\/p>\n<div> \tEl car\u00e1cter perif\u00e9rico del conflicto armado interno colombiano,\u00a0conlleva, de tiempo atr\u00e1s, un esp\u00edritu de profunda discriminaci\u00f3n alrededor del origen social, econ\u00f3mico y cultural de los combatientes, en espec\u00edfico, de los soldados que prestan el servicio militar y que adem\u00e1s, asumen las operaciones militares de confrontaci\u00f3n con las guerrillas.<\/div>\n<p> \t\u00a0<\/p>\n","protected":false},"excerpt":{"rendered":"<p>\u00a0 El car\u00e1cter perif\u00e9rico del conflicto armado interno colombiano,\u00a0conlleva, de tiempo atr\u00e1s, un esp\u00edritu de profunda discriminaci\u00f3n alrededor del origen social, econ\u00f3mico y cultural de los combatientes, en espec\u00edfico, de los soldados [&hellip;]<\/p>\n","protected":false},"author":2,"featured_media":0,"comment_status":"open","ping_status":"open","sticky":false,"template":"","format":"standard","meta":[],"categories":[61],"tags":[],"_links":{"self":[{"href":"https:\/\/tejidohistorico.afrodescendientes.com\/index.php\/wp-json\/wp\/v2\/posts\/3527"}],"collection":[{"href":"https:\/\/tejidohistorico.afrodescendientes.com\/index.php\/wp-json\/wp\/v2\/posts"}],"about":[{"href":"https:\/\/tejidohistorico.afrodescendientes.com\/index.php\/wp-json\/wp\/v2\/types\/post"}],"author":[{"embeddable":true,"href":"https:\/\/tejidohistorico.afrodescendientes.com\/index.php\/wp-json\/wp\/v2\/users\/2"}],"replies":[{"embeddable":true,"href":"https:\/\/tejidohistorico.afrodescendientes.com\/index.php\/wp-json\/wp\/v2\/comments?post=3527"}],"version-history":[{"count":0,"href":"https:\/\/tejidohistorico.afrodescendientes.com\/index.php\/wp-json\/wp\/v2\/posts\/3527\/revisions"}],"wp:attachment":[{"href":"https:\/\/tejidohistorico.afrodescendientes.com\/index.php\/wp-json\/wp\/v2\/media?parent=3527"}],"wp:term":[{"taxonomy":"category","embeddable":true,"href":"https:\/\/tejidohistorico.afrodescendientes.com\/index.php\/wp-json\/wp\/v2\/categories?post=3527"},{"taxonomy":"post_tag","embeddable":true,"href":"https:\/\/tejidohistorico.afrodescendientes.com\/index.php\/wp-json\/wp\/v2\/tags?post=3527"}],"curies":[{"name":"wp","href":"https:\/\/api.w.org\/{rel}","templated":true}]}}