{"id":3540,"date":"2012-03-23T20:26:56","date_gmt":"2012-03-23T20:26:56","guid":{"rendered":"http:\/\/www2.nasaacin.org\/index.php\/2012\/03\/23\/declaracion-en-apoyo-al-movimiento-indigena-del-ecuador\/"},"modified":"2012-03-23T20:26:56","modified_gmt":"2012-03-23T20:26:56","slug":"declaracion-en-apoyo-al-movimiento-indigena-del-ecuador","status":"publish","type":"post","link":"https:\/\/tejidohistorico.afrodescendientes.com\/index.php\/2012\/03\/23\/declaracion-en-apoyo-al-movimiento-indigena-del-ecuador\/","title":{"rendered":"Declaraci\u00f3n en apoyo al movimiento Ind\u00edgena del Ecuador"},"content":{"rendered":"<p> \t\u00a0<\/p>\n<div> \tEn apoyo al movimiento ind\u00edgena del Ecuador movilizado en resistencia plurinacional. Las organizaciones firmantes de pueblos originarios en Chile declaran ante la opini\u00f3n p\u00fablica nacional e internacional.<\/div>\n<p>  <!--more-->  <\/p>\n<div> \t\u00a0<\/div>\n<div> \tNuestro m\u00e1s profundo saludo y respeto a la marcha de la resistencia plurinacional, por el agua la vida y la dignidad de los pueblos y nacionalidades ind\u00edgenas de Ecuador iniciada el pasado 08 de marzo en la provincia de Zamora Chinchipe y que a cada paso desde el sur suma a m\u00e1s hermanas y hermanos ind\u00edgenas y a diversos sectores populares que llegar\u00e1n este jueves 22 de marzo (D\u00eda internacional del agua) a Quito. Apoyamos las justas demandas de nuestros hermanos que se levantan contra la pol\u00edtica extractivista del actual gobierno de Rafael Correa que lamentablemente ha profundizado la explotaci\u00f3n minera a cielo abierto en territorio ind\u00edgena con diversos megaproyectos que ya est\u00e1n provocando graves da\u00f1os a la biodiversidad y acrecentando ganancias a empresas transnacionales, como ocurre tambi\u00e9n en nuestros territorios aymara y mapuche donde empresas mineras y forestales respectivamente han usurpado y da\u00f1ado el territorio.<\/div>\n<div> \t\u00a0<\/div>\n<div> \tAl igual como lo expresan nuestros hermanos como organizaciones de pueblos originarios exigimos al Estado ecuatoriano la urgente aprobaci\u00f3n de la ley de agua para el buen vivir que contemple el respeto y garant\u00eda del derecho al agua, la derogaci\u00f3n de la ley minera, la aprobaci\u00f3n de la ley de tierras y territorios que permita la soberan\u00eda alimentaria de los pueblos, el respeto a la aplicaci\u00f3n del convenio 169 de la OIT y el fin de la persecuci\u00f3n pol\u00edtica a mas de 200 dirigentes ind\u00edgenas que han defendido con justicia sus territorios de la explotaci\u00f3n minera a gran escala.<\/div>\n<div> \t\u00a0<\/div>\n<div> \tHermanas y hermanos de los pueblos y nacionalidades ind\u00edgenas del Ecuador estamos muy atentos al desarrollo de la marcha y su llegada a Quito y rechazamos las provocaciones policiales y militares que han intentado detener mediante la represi\u00f3n a la cada vez multitudinaria movilizaci\u00f3n. Hermanas y hermanos ustedes han expresado que como el agua inundar\u00e1n Quito y nosotros desde nuestros territorios llegaremos junto a ustedes con la fuerza y convicci\u00f3n de nuestro pensamiento y esp\u00edritu.<\/div>\n<div> \t\u00a0<\/div>\n<div> \tCon Rumi\u00f1ahui, Lautaro y Tupac Katari en la memoria&#8230;<\/div>\n<div> \t\u00a0<\/div>\n<div> \t\u00a1\u00a1Viva la unidad y autodeterminaci\u00f3n de los pueblos originarios del Abya Yala!!<\/div>\n<div> \t\u00a0<\/div>\n<div> \t<strong>Red por los derechos educativos y ling\u00fc\u00edsticos de los pueblos ind\u00edgenas de Chile.<\/strong><\/div>\n<div> \t<strong>MAPUEXPRESS. Medio de comunicaci\u00f3n mapuche.<\/strong><\/div>\n<div> \t<strong>Comunidad de historia mapuche.<\/strong><\/div>\n<div> \t<strong>Organizaci\u00f3n mapuche Meli Wixan Mapu.<\/strong><\/div>\n<div> \t<strong>Asociaci\u00f3n aymara Inti- marka.<\/strong><\/div>\n<div> \t<strong>Radio del mar.cl<\/strong><\/div>\n<div> \t\u00a0<\/div>\n<div> \t<a href=\"http:\/\/www.mapuexpress.net\/?act=news&#038;id=8378\">http:\/\/www.mapuexpress.net\/?act=news&#038;id=8378<\/a><\/div>\n","protected":false},"excerpt":{"rendered":"<p>\u00a0 En apoyo al movimiento ind\u00edgena del Ecuador movilizado en resistencia plurinacional. Las organizaciones firmantes de pueblos originarios en Chile declaran ante la opini\u00f3n p\u00fablica nacional e internacional.<\/p>\n","protected":false},"author":2,"featured_media":0,"comment_status":"open","ping_status":"open","sticky":false,"template":"","format":"standard","meta":[],"categories":[3],"tags":[],"_links":{"self":[{"href":"https:\/\/tejidohistorico.afrodescendientes.com\/index.php\/wp-json\/wp\/v2\/posts\/3540"}],"collection":[{"href":"https:\/\/tejidohistorico.afrodescendientes.com\/index.php\/wp-json\/wp\/v2\/posts"}],"about":[{"href":"https:\/\/tejidohistorico.afrodescendientes.com\/index.php\/wp-json\/wp\/v2\/types\/post"}],"author":[{"embeddable":true,"href":"https:\/\/tejidohistorico.afrodescendientes.com\/index.php\/wp-json\/wp\/v2\/users\/2"}],"replies":[{"embeddable":true,"href":"https:\/\/tejidohistorico.afrodescendientes.com\/index.php\/wp-json\/wp\/v2\/comments?post=3540"}],"version-history":[{"count":0,"href":"https:\/\/tejidohistorico.afrodescendientes.com\/index.php\/wp-json\/wp\/v2\/posts\/3540\/revisions"}],"wp:attachment":[{"href":"https:\/\/tejidohistorico.afrodescendientes.com\/index.php\/wp-json\/wp\/v2\/media?parent=3540"}],"wp:term":[{"taxonomy":"category","embeddable":true,"href":"https:\/\/tejidohistorico.afrodescendientes.com\/index.php\/wp-json\/wp\/v2\/categories?post=3540"},{"taxonomy":"post_tag","embeddable":true,"href":"https:\/\/tejidohistorico.afrodescendientes.com\/index.php\/wp-json\/wp\/v2\/tags?post=3540"}],"curies":[{"name":"wp","href":"https:\/\/api.w.org\/{rel}","templated":true}]}}