{"id":3584,"date":"2012-04-02T23:34:03","date_gmt":"2012-04-02T23:34:03","guid":{"rendered":"http:\/\/www2.nasaacin.org\/index.php\/2012\/04\/02\/valle-del-cauca-denuncia-contra-epsa\/"},"modified":"2012-04-02T23:34:03","modified_gmt":"2012-04-02T23:34:03","slug":"valle-del-cauca-denuncia-contra-epsa","status":"publish","type":"post","link":"https:\/\/tejidohistorico.afrodescendientes.com\/index.php\/2012\/04\/02\/valle-del-cauca-denuncia-contra-epsa\/","title":{"rendered":"Valle del Cauca: Denuncia contra EPSA"},"content":{"rendered":"<p> \tLe informamos a la clase obrera colombiana e internacional, que la Empresa de Energ\u00eda del Pacifico S.A. EPSA E.S.P., filial de CELSIA en el Valle del Cauca, aprovech\u00e1ndose del tipo de contrataci\u00f3n con los Trabajadores Tercerizados de PROSERVIS GENERALES SAS, decide por intermedio de su empresa tercerizada en las Centrales Hidroel\u00e9ctricas del Alto y Bajo Anchicay\u00e1, no renovar los contratos a cuatro (4) compa\u00f1eros por el &ldquo;delito&rdquo; de haberse afiliado desde finales del a\u00f1o pasado a la organizaci\u00f3n Sindical SINTRAELECOL.<\/p>\n","protected":false},"excerpt":{"rendered":"<p>Le informamos a la clase obrera colombiana e internacional, que la Empresa de Energ\u00eda del Pacifico S.A. EPSA E.S.P., filial de CELSIA en el Valle del Cauca, aprovech\u00e1ndose del tipo de contrataci\u00f3n [&hellip;]<\/p>\n","protected":false},"author":2,"featured_media":0,"comment_status":"open","ping_status":"open","sticky":false,"template":"","format":"standard","meta":[],"categories":[61],"tags":[],"_links":{"self":[{"href":"https:\/\/tejidohistorico.afrodescendientes.com\/index.php\/wp-json\/wp\/v2\/posts\/3584"}],"collection":[{"href":"https:\/\/tejidohistorico.afrodescendientes.com\/index.php\/wp-json\/wp\/v2\/posts"}],"about":[{"href":"https:\/\/tejidohistorico.afrodescendientes.com\/index.php\/wp-json\/wp\/v2\/types\/post"}],"author":[{"embeddable":true,"href":"https:\/\/tejidohistorico.afrodescendientes.com\/index.php\/wp-json\/wp\/v2\/users\/2"}],"replies":[{"embeddable":true,"href":"https:\/\/tejidohistorico.afrodescendientes.com\/index.php\/wp-json\/wp\/v2\/comments?post=3584"}],"version-history":[{"count":0,"href":"https:\/\/tejidohistorico.afrodescendientes.com\/index.php\/wp-json\/wp\/v2\/posts\/3584\/revisions"}],"wp:attachment":[{"href":"https:\/\/tejidohistorico.afrodescendientes.com\/index.php\/wp-json\/wp\/v2\/media?parent=3584"}],"wp:term":[{"taxonomy":"category","embeddable":true,"href":"https:\/\/tejidohistorico.afrodescendientes.com\/index.php\/wp-json\/wp\/v2\/categories?post=3584"},{"taxonomy":"post_tag","embeddable":true,"href":"https:\/\/tejidohistorico.afrodescendientes.com\/index.php\/wp-json\/wp\/v2\/tags?post=3584"}],"curies":[{"name":"wp","href":"https:\/\/api.w.org\/{rel}","templated":true}]}}