{"id":3589,"date":"2012-04-07T19:13:52","date_gmt":"2012-04-07T19:13:52","guid":{"rendered":"http:\/\/www2.nasaacin.org\/index.php\/2012\/04\/07\/carta-politica-pcc\/"},"modified":"2012-04-07T19:13:52","modified_gmt":"2012-04-07T19:13:52","slug":"carta-politica-pcc","status":"publish","type":"post","link":"https:\/\/tejidohistorico.afrodescendientes.com\/index.php\/2012\/04\/07\/carta-politica-pcc\/","title":{"rendered":"Carta pol\u00edtica-PCC"},"content":{"rendered":"<p> \tLa direcci\u00f3n Nacional del Partido Comunista Colombiano, en desarrollo de su pol\u00edtica de unidad, ha venido acompa\u00f1ando los distintos procesos unitarios de diversa estructuraci\u00f3n org\u00e1nica, vinculados a las luchas, marchas y movilizaciones de contenido social, regional y etnosocial, con un examen continuado de sus caracter\u00edsticas, de la dimensi\u00f3n, cobertura y sentido de sus actos y propuestas, con respeto de sus particularidades.<\/p>\n","protected":false},"excerpt":{"rendered":"<p>La direcci\u00f3n Nacional del Partido Comunista Colombiano, en desarrollo de su pol\u00edtica de unidad, ha venido acompa\u00f1ando los distintos procesos unitarios de diversa estructuraci\u00f3n org\u00e1nica, vinculados a las luchas, marchas y movilizaciones [&hellip;]<\/p>\n","protected":false},"author":4,"featured_media":0,"comment_status":"open","ping_status":"open","sticky":false,"template":"","format":"standard","meta":[],"categories":[61],"tags":[],"_links":{"self":[{"href":"https:\/\/tejidohistorico.afrodescendientes.com\/index.php\/wp-json\/wp\/v2\/posts\/3589"}],"collection":[{"href":"https:\/\/tejidohistorico.afrodescendientes.com\/index.php\/wp-json\/wp\/v2\/posts"}],"about":[{"href":"https:\/\/tejidohistorico.afrodescendientes.com\/index.php\/wp-json\/wp\/v2\/types\/post"}],"author":[{"embeddable":true,"href":"https:\/\/tejidohistorico.afrodescendientes.com\/index.php\/wp-json\/wp\/v2\/users\/4"}],"replies":[{"embeddable":true,"href":"https:\/\/tejidohistorico.afrodescendientes.com\/index.php\/wp-json\/wp\/v2\/comments?post=3589"}],"version-history":[{"count":0,"href":"https:\/\/tejidohistorico.afrodescendientes.com\/index.php\/wp-json\/wp\/v2\/posts\/3589\/revisions"}],"wp:attachment":[{"href":"https:\/\/tejidohistorico.afrodescendientes.com\/index.php\/wp-json\/wp\/v2\/media?parent=3589"}],"wp:term":[{"taxonomy":"category","embeddable":true,"href":"https:\/\/tejidohistorico.afrodescendientes.com\/index.php\/wp-json\/wp\/v2\/categories?post=3589"},{"taxonomy":"post_tag","embeddable":true,"href":"https:\/\/tejidohistorico.afrodescendientes.com\/index.php\/wp-json\/wp\/v2\/tags?post=3589"}],"curies":[{"name":"wp","href":"https:\/\/api.w.org\/{rel}","templated":true}]}}