{"id":363,"date":"2010-07-27T00:29:47","date_gmt":"2010-07-27T00:29:47","guid":{"rendered":"http:\/\/www2.nasaacin.org\/index.php\/2010\/07\/27\/alcalde-de-sabana-de-torres-postulado-a-ser-uno-de-los-mejores-del-pais-por-su-corrupcion\/"},"modified":"2010-07-27T00:29:47","modified_gmt":"2010-07-27T00:29:47","slug":"alcalde-de-sabana-de-torres-postulado-a-ser-uno-de-los-mejores-del-pais-por-su-corrupcion","status":"publish","type":"post","link":"https:\/\/tejidohistorico.afrodescendientes.com\/index.php\/2010\/07\/27\/alcalde-de-sabana-de-torres-postulado-a-ser-uno-de-los-mejores-del-pais-por-su-corrupcion\/","title":{"rendered":"Alcalde de Sabana de Torres postulado a ser uno de los mejores del pa\u00eds por su corrupci\u00f3n"},"content":{"rendered":"<p style=\"text-align: justify;\">La Asociaci\u00f3n Agraria de Santander ASOGRAS, denuncia\u00a0 a la opini\u00f3n  p\u00fablica\u00a0 Nacional e Internacional, que desde el\u00a0\u00a0 pasado\u00a0 02\u00a0 de julio\u00a0  hasta el d\u00eda 17 de Julio del presente a\u00f1o, se desarrollaron unos  trabajos en predios privados de los Sres. LUIS EDUARDO\u00a0 VALDIVIESO, ex  Notario Tercero de Bucaramanga y el Se\u00f1or JOSE LEONIDAS COTE VELANDIA,  este \u00faltimo, t\u00edo del Se\u00f1or Alcalde del Municipio de Sabana de Torres,  Dr. URIEL VELANDIA GUTIERREZ, quienes est\u00e1n acostumbrados a utilizar el  equipo de maquinaria pesada del municipio para hacer arreglos en sus  fincas y mientras tanto, las carreteras\u00a0 rurales\u00a0 est\u00e1n en total  abandono,&#8230;<br \/> <span class=\"resaltado\">Descargue el <\/span><a href=\"..\/apc-aa-files\/646f63756d656e746f732e2e2e2e2e2e\/COMUNICADO_No._71.doc\">documento <\/a><\/p>\n","protected":false},"excerpt":{"rendered":"<p>La Asociaci\u00f3n Agraria de Santander ASOGRAS, denuncia\u00a0 a la opini\u00f3n p\u00fablica\u00a0 Nacional e Internacional, que desde el\u00a0\u00a0 pasado\u00a0 02\u00a0 de julio\u00a0 hasta el d\u00eda 17 de Julio del presente a\u00f1o, se desarrollaron [&hellip;]<\/p>\n","protected":false},"author":1,"featured_media":0,"comment_status":"open","ping_status":"open","sticky":false,"template":"","format":"standard","meta":[],"categories":[61],"tags":[],"_links":{"self":[{"href":"https:\/\/tejidohistorico.afrodescendientes.com\/index.php\/wp-json\/wp\/v2\/posts\/363"}],"collection":[{"href":"https:\/\/tejidohistorico.afrodescendientes.com\/index.php\/wp-json\/wp\/v2\/posts"}],"about":[{"href":"https:\/\/tejidohistorico.afrodescendientes.com\/index.php\/wp-json\/wp\/v2\/types\/post"}],"author":[{"embeddable":true,"href":"https:\/\/tejidohistorico.afrodescendientes.com\/index.php\/wp-json\/wp\/v2\/users\/1"}],"replies":[{"embeddable":true,"href":"https:\/\/tejidohistorico.afrodescendientes.com\/index.php\/wp-json\/wp\/v2\/comments?post=363"}],"version-history":[{"count":0,"href":"https:\/\/tejidohistorico.afrodescendientes.com\/index.php\/wp-json\/wp\/v2\/posts\/363\/revisions"}],"wp:attachment":[{"href":"https:\/\/tejidohistorico.afrodescendientes.com\/index.php\/wp-json\/wp\/v2\/media?parent=363"}],"wp:term":[{"taxonomy":"category","embeddable":true,"href":"https:\/\/tejidohistorico.afrodescendientes.com\/index.php\/wp-json\/wp\/v2\/categories?post=363"},{"taxonomy":"post_tag","embeddable":true,"href":"https:\/\/tejidohistorico.afrodescendientes.com\/index.php\/wp-json\/wp\/v2\/tags?post=363"}],"curies":[{"name":"wp","href":"https:\/\/api.w.org\/{rel}","templated":true}]}}