{"id":3640,"date":"2012-04-16T13:57:31","date_gmt":"2012-04-16T13:57:31","guid":{"rendered":"http:\/\/www2.nasaacin.org\/index.php\/2012\/04\/16\/antioquia-foro-minero-energetico-permanente-en-guamoco\/"},"modified":"2012-04-16T13:57:31","modified_gmt":"2012-04-16T13:57:31","slug":"antioquia-foro-minero-energetico-permanente-en-guamoco","status":"publish","type":"post","link":"https:\/\/tejidohistorico.afrodescendientes.com\/index.php\/2012\/04\/16\/antioquia-foro-minero-energetico-permanente-en-guamoco\/","title":{"rendered":"Antioquia: Foro Minero-Energ\u00e9tico Permanente en Guamoco"},"content":{"rendered":"<p> \tLos invitamos a participar a a difundir el PRIMER FORO MINERO ENERG\u00c9TICO PERMANENTE &#8211; Capitulo GUAMOCO- que se va a realizar los d\u00edas 20 y 21 de abril de este a\u00f1o, en el municipio del BAGRE- Antioquia.\u00a0<\/p>\n<p>  <!--more-->  <\/p>\n<div> \t\u00a0<\/div>\n<div> \tColombia se encuentra en los primeros puestos a nivel mundial en lo correspondiente a biodiversidad y riqueza en bienes ambientales, por esta raz\u00f3n, se ha convertido en uno de los pa\u00edses de mayor inter\u00e9s por parte de empresas transnacionales que se dedican a la explotaci\u00f3n de minerales, de la biodiversidad y generaci\u00f3n de energ\u00eda. Esto no es nuevo, desde finales del siglo pasado se ven\u00edan desarrollando una serie de pol\u00edticas y apuestas gubernamentales para poner al servicio de extranjeros nuestro territorio, en detrimento y menoscabo de la soberan\u00eda nacional y de los sectores sociales y populares.<\/div>\n<div> \t\u00a0<\/div>\n<div> \tUn punto paradigm\u00e1tico de estas pol\u00edticas lo constituy\u00f3 la reforma al C\u00f3digo de Minas del a\u00f1o 2001, que pone en marcha toda una estrategia de venta, desplazamiento y expropiaci\u00f3n de los recursos naturales y en general de todo el territorio colombiano, hoy cedido en su mayor\u00eda \u00a0a dichas empresas y otro tanto destinado a mega proyectos de monocultivos, hidroel\u00e9ctricas, mega carreteras, entre otros.<\/div>\n<div> \t\u00a0<\/div>\n<div> \tEn esta misma l\u00ednea, bajo el Gobierno de Juan Manuel Santos, se plantean las llamadas &ldquo;locomotoras para el crecimiento y la generaci\u00f3n de empleo&rdquo;, \u00a0dentro de las que se encuentran las locomotoras &ldquo;agropecuaria y desarrollo rural&rdquo; y &ldquo;desarrollo minero y expansi\u00f3n energ\u00e9tica&rdquo;, las que buscan \u00a0la consolidaci\u00f3n de la inversi\u00f3n extranjera y la reprimarizaci\u00f3n del campo, as\u00ed mismo, consolidar la guerra y militarizaci\u00f3n de la vida rural, para garantizar que Colombia sea destino de los inversionistas.<\/div>\n<div> \t\u00a0<\/div>\n<div> \tLa explotaci\u00f3n minero-energ\u00e9tica considerada la principal apuesta econ\u00f3mica del gobierno Santos, est\u00e1 planteada desde un discurso de seguridad y desarrollo que poco o nada incluye a las comunidades que habitan los territorios rurales donde dicha explotaci\u00f3n ser\u00eda efectuada. Es por eso que proponemos una articulaci\u00f3n de organizaciones sociales, gremiales, comunitarias, sectoriales y dem\u00e1s, donde tengan una nutrida presencia los procesos asociativos de mineros artesanales, campesinos, ind\u00edgenas, afrodescendientes y todos aquellos que se vean afectados directa o indirectamente por los procesos de extracci\u00f3n proyectados y en curso.\u00a0<\/div>\n<div> \t\u00a0<\/div>\n<div> \tEnviamos adjunto el folleto informativo y agradecemos la difusi\u00f3n.\u00a0<\/div>\n","protected":false},"excerpt":{"rendered":"<p>Los invitamos a participar a a difundir el PRIMER FORO MINERO ENERG\u00c9TICO PERMANENTE &#8211; Capitulo GUAMOCO- que se va a realizar los d\u00edas 20 y 21 de abril de este a\u00f1o, en [&hellip;]<\/p>\n","protected":false},"author":2,"featured_media":0,"comment_status":"open","ping_status":"open","sticky":false,"template":"","format":"standard","meta":[],"categories":[61],"tags":[],"_links":{"self":[{"href":"https:\/\/tejidohistorico.afrodescendientes.com\/index.php\/wp-json\/wp\/v2\/posts\/3640"}],"collection":[{"href":"https:\/\/tejidohistorico.afrodescendientes.com\/index.php\/wp-json\/wp\/v2\/posts"}],"about":[{"href":"https:\/\/tejidohistorico.afrodescendientes.com\/index.php\/wp-json\/wp\/v2\/types\/post"}],"author":[{"embeddable":true,"href":"https:\/\/tejidohistorico.afrodescendientes.com\/index.php\/wp-json\/wp\/v2\/users\/2"}],"replies":[{"embeddable":true,"href":"https:\/\/tejidohistorico.afrodescendientes.com\/index.php\/wp-json\/wp\/v2\/comments?post=3640"}],"version-history":[{"count":0,"href":"https:\/\/tejidohistorico.afrodescendientes.com\/index.php\/wp-json\/wp\/v2\/posts\/3640\/revisions"}],"wp:attachment":[{"href":"https:\/\/tejidohistorico.afrodescendientes.com\/index.php\/wp-json\/wp\/v2\/media?parent=3640"}],"wp:term":[{"taxonomy":"category","embeddable":true,"href":"https:\/\/tejidohistorico.afrodescendientes.com\/index.php\/wp-json\/wp\/v2\/categories?post=3640"},{"taxonomy":"post_tag","embeddable":true,"href":"https:\/\/tejidohistorico.afrodescendientes.com\/index.php\/wp-json\/wp\/v2\/tags?post=3640"}],"curies":[{"name":"wp","href":"https:\/\/api.w.org\/{rel}","templated":true}]}}