{"id":3650,"date":"2012-04-17T14:05:40","date_gmt":"2012-04-17T14:05:40","guid":{"rendered":"http:\/\/www2.nasaacin.org\/index.php\/2012\/04\/17\/encuentro-de-colectivos-alternativas-al-desarrollo-buen-vivir-y-politicas-de-vida\/"},"modified":"2012-04-17T14:05:40","modified_gmt":"2012-04-17T14:05:40","slug":"encuentro-de-colectivos-alternativas-al-desarrollo-buen-vivir-y-politicas-de-vida","status":"publish","type":"post","link":"https:\/\/tejidohistorico.afrodescendientes.com\/index.php\/2012\/04\/17\/encuentro-de-colectivos-alternativas-al-desarrollo-buen-vivir-y-politicas-de-vida\/","title":{"rendered":"Encuentro de colectivos: Alternativas al desarrollo, buen vivir y pol\u00edticas de vida"},"content":{"rendered":"<p> \tSubjetividades y movimientos sociales hacia otro paz\u00edfico posible.\u00a0Junio 15 y 16 de 2012.\u00a0La Universidad de Manizales; \u00a0el Proceso de Comunidades Negras &ndash;PCN&ndash; y el Grupo de Acad\u00e9micos e investigadores en defensa del Pac\u00edfico colombiano &ndash;Gaidepac&ndash; convocamos al encuentro de colectivos y movimientos sociales a la reflexi\u00f3n te\u00f3rica para la acci\u00f3n desde las resistencias epist\u00e9micas, ecol\u00f3gicas, culturales, econ\u00f3micas, est\u00e9ticas y pol\u00edticas hacia un desarrollo con pensamiento propio.<\/p>\n","protected":false},"excerpt":{"rendered":"<p>Subjetividades y movimientos sociales hacia otro paz\u00edfico posible.\u00a0Junio 15 y 16 de 2012.\u00a0La Universidad de Manizales; \u00a0el Proceso de Comunidades Negras &ndash;PCN&ndash; y el Grupo de Acad\u00e9micos e investigadores en defensa del [&hellip;]<\/p>\n","protected":false},"author":2,"featured_media":0,"comment_status":"open","ping_status":"open","sticky":false,"template":"","format":"standard","meta":[],"categories":[61],"tags":[],"_links":{"self":[{"href":"https:\/\/tejidohistorico.afrodescendientes.com\/index.php\/wp-json\/wp\/v2\/posts\/3650"}],"collection":[{"href":"https:\/\/tejidohistorico.afrodescendientes.com\/index.php\/wp-json\/wp\/v2\/posts"}],"about":[{"href":"https:\/\/tejidohistorico.afrodescendientes.com\/index.php\/wp-json\/wp\/v2\/types\/post"}],"author":[{"embeddable":true,"href":"https:\/\/tejidohistorico.afrodescendientes.com\/index.php\/wp-json\/wp\/v2\/users\/2"}],"replies":[{"embeddable":true,"href":"https:\/\/tejidohistorico.afrodescendientes.com\/index.php\/wp-json\/wp\/v2\/comments?post=3650"}],"version-history":[{"count":0,"href":"https:\/\/tejidohistorico.afrodescendientes.com\/index.php\/wp-json\/wp\/v2\/posts\/3650\/revisions"}],"wp:attachment":[{"href":"https:\/\/tejidohistorico.afrodescendientes.com\/index.php\/wp-json\/wp\/v2\/media?parent=3650"}],"wp:term":[{"taxonomy":"category","embeddable":true,"href":"https:\/\/tejidohistorico.afrodescendientes.com\/index.php\/wp-json\/wp\/v2\/categories?post=3650"},{"taxonomy":"post_tag","embeddable":true,"href":"https:\/\/tejidohistorico.afrodescendientes.com\/index.php\/wp-json\/wp\/v2\/tags?post=3650"}],"curies":[{"name":"wp","href":"https:\/\/api.w.org\/{rel}","templated":true}]}}