{"id":3678,"date":"2012-04-21T13:55:00","date_gmt":"2012-04-21T13:55:00","guid":{"rendered":"http:\/\/www2.nasaacin.org\/index.php\/2012\/04\/21\/reforma-a-la-justicia-legislando-en-causa-propia\/"},"modified":"2012-04-21T13:55:00","modified_gmt":"2012-04-21T13:55:00","slug":"reforma-a-la-justicia-legislando-en-causa-propia","status":"publish","type":"post","link":"https:\/\/tejidohistorico.afrodescendientes.com\/index.php\/2012\/04\/21\/reforma-a-la-justicia-legislando-en-causa-propia\/","title":{"rendered":"Reforma a la justicia: legislando en causa propia"},"content":{"rendered":"<\/p>\n<div> \tComo lo hemos venido examinado a lo largo de su tr\u00e1nsito por el Congreso de la Rep\u00fablica, la propuesta de reforma a la justicia es regresiva y significa un paso atr\u00e1s en la lucha que valientemente la Sala Penal de la Corte Suprema de Justicia emprendi\u00f3 desde el a\u00f1o 2006 para depurar al Congreso de la Rep\u00fablica de los aliados de los grupos criminales y principalmente de los grupos paramilitares.<\/div>\n<p>  <!--more-->  <\/p>\n<div> \t\u00a0Hasta el momento la Corte ha proferido 62 sentencias condenatorias a parlamentarios investigados por sus nexos con los grupos paramilitares y mantiene abiertas 47 investigaciones contra igual n\u00famero de ex parlamentarios y parlamentarios en ejercicio por estos mismos delitos. Mucha agua ha corrido a lo largo de \u00e9ste proceso. Para que las investigaciones llegaran a buen t\u00e9rmino la Corte tuvo que revisar su propia jurisprudencia que permit\u00eda que los parlamentarios renunciaran a su cargo para que los investigara la Fiscal\u00eda General de la Naci\u00f3n. Como all\u00ed las investigaciones no avanzaban, la Corte cambi\u00f3 su jurisprudencia y reasumi\u00f3 las investigaciones de manera directa. Esto no lo podemos olvidar, y es precisamente all\u00ed donde radica un punto muy negativo del proyecto aprobado en quinto debate en el seno de la Comisi\u00f3n Primera del Senado de la Rep\u00fablica. Con raz\u00f3n se ha dicho que el Gobierno del presidente Juan Manuel Santos, est\u00e1 prohijando una reforma revanchista del Congreso contra la Corte Suprema de Justicia por las investigaciones llevadas a cabo en contra de estos sectores pol\u00edticos. Es por ello que en s\u00ed misma, en este aspecto, la reforma es regresiva.<\/div>\n<div> \t\u00a0<\/div>\n<div> \tEn efecto, en el texto aprobado se le quita la atribuci\u00f3n de investigaci\u00f3n a la Sala Penal de la Corte Suprema de Justicia con respecto a los parlamentarios. De aprobarse la reforma como fue aprobada por la Comisi\u00f3n Primera del Senado en adelante la investigaci\u00f3n en contra de los parlamentarios, la realizar\u00e1 una Sala de Investigaci\u00f3n y Calificaci\u00f3n y el juzgamiento lo har\u00e1 una Sala de Juzgamiento que ser\u00e1 la primera instancia para la investigaci\u00f3n y el juzgamiento de los aforados, quienes podr\u00e1n ser privados de la libertad cuando exista sentencia condenatoria de primera instancia, salvo que sean aprehendidos en caso de flagrante delito.<\/div>\n<div> \t\u00a0<\/div>\n<div> \tLa Sala de Investigaci\u00f3n y Calificaci\u00f3n tendr\u00e1 10 miembros, quienes ser\u00e1n elegidos por la Corte Constitucional de ternas integradas por el Presidente de la Rep\u00fablica, los cuales se dividir\u00e1n en dos salas, una para adelantar las investigaciones penales de los aforados constitucionales mencionados en los numerales 3 y 4 de este art\u00edculo ( es decir, los congresistas, los magistrados de la \u00a0Corte Suprema de Justicia, del Consejo de Estado y de la Sala Disciplinaria del Consejo Superior de la Judicatura, a los \u00a0miembros del Consejo Nacional Electoral, al Fiscal General de la Naci\u00f3n, al Procurador General de la Naci\u00f3n, al Contralor General de la Rep\u00fablica y al Registrador General del Estado Civil, aunque hubieren cesado en el ejercicio de sus cargos. As\u00ed mismo deber\u00e1 investigar a los Ministros del Despacho, al Defensor del Pueblo, a los agentes del Ministerio P\u00fablico ante la Corte, ante el Consejo de Estado y ante los Tribunales; a los directores de los Departamentos Administrativos, a los Embajadores y jefes de Misi\u00f3n Diplom\u00e1tica o Consular, a los gobernadores, a los magistrados de Tribunales y a los generales y almirantes de la Fuerza P\u00fablica) y la otra Sala conocer\u00e1 de los procesos disciplinarios contra los aforados mencionados en el numeral 3 por causas constitucionales o legales. Los miembros de la Sala de Juzgamiento ser\u00e1n 5, elegidos por la Corte Suprema de Justicia mediante voto afirmativo de la mayor\u00eda absoluta de sus miembros, de listas de 5 candidatos conformados mediante convocatoria p\u00fablica para un per\u00edodo de ocho a\u00f1os sin posibilidades de relecci\u00f3n.<\/div>\n<div> \t\u00a0<\/div>\n<div> \tAs\u00ed pues, la investigaci\u00f3n la realizar\u00e1 una sala de cinco miembros ternada por el Presidente de la Rep\u00fablica y elegida por la Corte Constitucional. Esto es totalmente regresivo con lo que existe actualmente y es que una Sala de Investigaci\u00f3n de la propia Sala Penal realiza las investigaciones y otra Sala de la propia Sala Penal realiza el juzgamiento. Como la historia lo demostr\u00f3, en el caso de la postulaci\u00f3n que hizo el presidente \u00c1lvaro Uribe V\u00e9lez para la elecci\u00f3n de los magistrados de la Sala Disciplinaria del Consejo Superior de la \u00a0Judicatura en la \u00a0pr\u00e1ctica quienes nominaron a los hoy investigados por la contralora, Sandra Morelli, por el carrusel de la contrataci\u00f3n fueron negociados por Uribe con sus bancadas en el Congreso. Se nos dir\u00e1 que una cosa es Santos y otra Uribe, pero lo real y concreto es que por una parte se le suprime a la Sala Penal de la Corte su funci\u00f3n para investigar a los parlamentarios y se le entrega a una Sala que es un cuerpo extra\u00f1o en la Corte Suprema pues no forma parte de la misma de manera plena y tiene un origen pol\u00edtico en el Presidente de la Rep\u00fablica. El juzgamiento lo realiza en primera instancia otra sala de cinco miembros estos si elegidos por la Sala Penal. Pero, la clave est\u00e1 en el proceso de la investigaci\u00f3n por eso tampoco era garant\u00eda como lo pidi\u00f3 en el debate el fiscal Eduardo Montealegre, de entregar la investigaci\u00f3n a la Fiscal\u00eda General. El peligro es nuevamente la impunidad con la que actuaron en el pasado ese 35% de parlamentarios que dijo Mancuso pertenec\u00edan a los grupos paramilitares.<\/div>\n<div> \t\u00a0<\/div>\n<div> \tMuchos otros aspectos son igualmente cuestionables como la supresi\u00f3n de la funci\u00f3n disciplinaria del Procurador en relaci\u00f3n con los parlamentarios o nuevamente las facultades que una ley le dar\u00eda a la Fiscal\u00eda para proferir medidas de aseguramiento o la detenci\u00f3n hasta por 72 horas de cualquier ciudadano. Esta es una reforma regresiva y lo mejor ser\u00eda su hundimiento para que el pa\u00eds inicie un serio debate sobre los verdaderos problemas de la justicia que tienen que ver con la congesti\u00f3n judicial y la impunidad.<\/div>\n<div> \t\u00a0<\/div>\n<div> \tSobre estos temas volveremos m\u00e1s adelante.<\/div>\n<div> \t\u00a0<\/div>\n<div>\n<div> \t\t<strong>Pedro Santana Rodr\u00edguez<span class=\"Apple-tab-span\" style=\"white-space:pre\"> <\/span><\/strong><\/div>\n<div> \t\t<strong>Presidente Corporaci\u00f3n Viva la Ciudadan\u00eda<\/strong><\/div>\n<\/p><\/div>\n<div> \t\u00a0<\/div>\n<div> \tEdici\u00f3n N\u00b0 00299 &ndash; Semana del 20 al 26 de Abril de 2012<\/div>\n<div> \t<a href=\"http:\/\/viva.org.co\/cajavirtual\/svc0299\/articulo01.html\">http:\/\/viva.org.co\/cajavirtual\/svc0299\/articulo01.html<\/a><\/div>\n","protected":false},"excerpt":{"rendered":"<p>Como lo hemos venido examinado a lo largo de su tr\u00e1nsito por el Congreso de la Rep\u00fablica, la propuesta de reforma a la justicia es regresiva y significa un paso atr\u00e1s en [&hellip;]<\/p>\n","protected":false},"author":2,"featured_media":0,"comment_status":"open","ping_status":"open","sticky":false,"template":"","format":"standard","meta":[],"categories":[75],"tags":[],"_links":{"self":[{"href":"https:\/\/tejidohistorico.afrodescendientes.com\/index.php\/wp-json\/wp\/v2\/posts\/3678"}],"collection":[{"href":"https:\/\/tejidohistorico.afrodescendientes.com\/index.php\/wp-json\/wp\/v2\/posts"}],"about":[{"href":"https:\/\/tejidohistorico.afrodescendientes.com\/index.php\/wp-json\/wp\/v2\/types\/post"}],"author":[{"embeddable":true,"href":"https:\/\/tejidohistorico.afrodescendientes.com\/index.php\/wp-json\/wp\/v2\/users\/2"}],"replies":[{"embeddable":true,"href":"https:\/\/tejidohistorico.afrodescendientes.com\/index.php\/wp-json\/wp\/v2\/comments?post=3678"}],"version-history":[{"count":0,"href":"https:\/\/tejidohistorico.afrodescendientes.com\/index.php\/wp-json\/wp\/v2\/posts\/3678\/revisions"}],"wp:attachment":[{"href":"https:\/\/tejidohistorico.afrodescendientes.com\/index.php\/wp-json\/wp\/v2\/media?parent=3678"}],"wp:term":[{"taxonomy":"category","embeddable":true,"href":"https:\/\/tejidohistorico.afrodescendientes.com\/index.php\/wp-json\/wp\/v2\/categories?post=3678"},{"taxonomy":"post_tag","embeddable":true,"href":"https:\/\/tejidohistorico.afrodescendientes.com\/index.php\/wp-json\/wp\/v2\/tags?post=3678"}],"curies":[{"name":"wp","href":"https:\/\/api.w.org\/{rel}","templated":true}]}}