{"id":3700,"date":"2012-04-24T14:42:09","date_gmt":"2012-04-24T14:42:09","guid":{"rendered":"http:\/\/www2.nasaacin.org\/index.php\/2012\/04\/24\/cauca-minga-de-pensamiento196\/"},"modified":"2012-04-24T14:42:09","modified_gmt":"2012-04-24T14:42:09","slug":"cauca-minga-de-pensamiento196","status":"publish","type":"post","link":"https:\/\/tejidohistorico.afrodescendientes.com\/index.php\/2012\/04\/24\/cauca-minga-de-pensamiento196\/","title":{"rendered":"Cauca: Minga de Pensamiento"},"content":{"rendered":"<p> \tEl movimiento Ind\u00edgena del Cauca y su visi\u00f3n de la educaci\u00f3n Superior en Colombia, en la perspectiva de una reforma estructural al Sistema Educativo. Santiago de Guamb\u00eda 4, 5 y 6 de mayo de 2012.<\/p>\n","protected":false},"excerpt":{"rendered":"<p>El movimiento Ind\u00edgena del Cauca y su visi\u00f3n de la educaci\u00f3n Superior en Colombia, en la perspectiva de una reforma estructural al Sistema Educativo. Santiago de Guamb\u00eda 4, 5 y 6 de [&hellip;]<\/p>\n","protected":false},"author":2,"featured_media":0,"comment_status":"open","ping_status":"open","sticky":false,"template":"","format":"standard","meta":[],"categories":[61],"tags":[],"_links":{"self":[{"href":"https:\/\/tejidohistorico.afrodescendientes.com\/index.php\/wp-json\/wp\/v2\/posts\/3700"}],"collection":[{"href":"https:\/\/tejidohistorico.afrodescendientes.com\/index.php\/wp-json\/wp\/v2\/posts"}],"about":[{"href":"https:\/\/tejidohistorico.afrodescendientes.com\/index.php\/wp-json\/wp\/v2\/types\/post"}],"author":[{"embeddable":true,"href":"https:\/\/tejidohistorico.afrodescendientes.com\/index.php\/wp-json\/wp\/v2\/users\/2"}],"replies":[{"embeddable":true,"href":"https:\/\/tejidohistorico.afrodescendientes.com\/index.php\/wp-json\/wp\/v2\/comments?post=3700"}],"version-history":[{"count":0,"href":"https:\/\/tejidohistorico.afrodescendientes.com\/index.php\/wp-json\/wp\/v2\/posts\/3700\/revisions"}],"wp:attachment":[{"href":"https:\/\/tejidohistorico.afrodescendientes.com\/index.php\/wp-json\/wp\/v2\/media?parent=3700"}],"wp:term":[{"taxonomy":"category","embeddable":true,"href":"https:\/\/tejidohistorico.afrodescendientes.com\/index.php\/wp-json\/wp\/v2\/categories?post=3700"},{"taxonomy":"post_tag","embeddable":true,"href":"https:\/\/tejidohistorico.afrodescendientes.com\/index.php\/wp-json\/wp\/v2\/tags?post=3700"}],"curies":[{"name":"wp","href":"https:\/\/api.w.org\/{rel}","templated":true}]}}