{"id":3793,"date":"2012-05-07T17:07:36","date_gmt":"2012-05-07T17:07:36","guid":{"rendered":"http:\/\/www2.nasaacin.org\/index.php\/2012\/05\/07\/un-tlc-que-asusta205\/"},"modified":"2012-05-07T17:07:36","modified_gmt":"2012-05-07T17:07:36","slug":"un-tlc-que-asusta205","status":"publish","type":"post","link":"https:\/\/tejidohistorico.afrodescendientes.com\/index.php\/2012\/05\/07\/un-tlc-que-asusta205\/","title":{"rendered":"Un TLC que asusta"},"content":{"rendered":"<div> \tEl 15 de mayo comenzar\u00e1 a regir el Tratado de Libre Comercio con Estados Unidos y, una vez m\u00e1s, pareciera que nos cogieron con los pantalones abajo. En efecto, mientras el gran pa\u00eds del norte alista toda su artiller\u00eda para bombardear a nuestro pa\u00eds con m\u00e1s de cuatro mil productos que entrar\u00e1n con cero aranceles, en Colombia a duras penas logramos entender el efecto que este tratado tendr\u00e1 sobre nuestra econom\u00eda.<\/div>\n<p>  <!--more-->  <\/p>\n<div> \t\u00a0<\/div>\n<div> \tEn este pa\u00eds muchos creen que los beneficios son que se conseguir\u00e1n chocolatinas y galletas a buen precio, sin reparar en los costos que este tratado puede tener para una econom\u00eda tercermundista que se enfrentar\u00e1 a una potencia mundial, mano a mano.<\/div>\n<div> \t\u00a0<\/div>\n<div> \t\u00bfEstamos preparados para enfrentar este modelo de libre comercio con semejante coloso al frente? Obviamente que no. Ninguna de las tareas pendientes, que deb\u00edan estar resueltas a estas alturas fue subsanada.<\/div>\n<div> \t\u00a0<\/div>\n<div> \tLa construcci\u00f3n de nuevos corredores viales, la resurrecci\u00f3n del ferrocarril, la implementaci\u00f3n de la navegaci\u00f3n fluvial y la modernizaci\u00f3n de la infraestructura portuaria nunca se lograron, a pesar de que venimos hablando de ello desde hace m\u00e1s de cuatro a\u00f1os.<\/div>\n<div> \t\u00a0<\/div>\n<div> \t\u00bfPretendemos enfrentar un mercado masivo y exigente como el de Estados Unidos con el mero ingenio colombiano? Por favor, como siempre, &lsquo;ol\u00edmpicos&rsquo; hasta el final. Los expertos aseguran que este tratado nos cambiar\u00e1 la vida a todos y estoy de acuerdo, pero no soy muy optimista que sea del todo para bien. Me temo que el tratado simplemente har\u00e1 m\u00e1s ricos a los m\u00e1s ricos (que son los sectores mejor preparados) y m\u00e1s pobres a los m\u00e1s pobres. Por lo tanto, la brecha de desigualdad (en la que s\u00ed somos campeones) simplemente aumentar\u00e1. Un solo dato, en un a\u00f1o entrar\u00e1n a Colombia 26.000 toneladas de pollo provenientes de Estados Unidos, de aqu\u00ed para all\u00e1, ni un ala. Interesante intercambio. \u00bfPreparados los avicultores para eso? Pues claro que no, simplemente se limitan a decir que no creen que eso repercuta en los precios del mercado. Por Dios, sean serios.<\/div>\n<div> \t\u00a0<\/div>\n<div> \tAdvierte el presidente Santos que el TLC generar\u00e1 500.000 empleos en Colombia, sin embargo no he visto ning\u00fan estudio en ese sentido, en qu\u00e9 sectores y en cu\u00e1nto tiempo. Alguna raz\u00f3n debe haber para que Brasil, China y la misma Europa no tengan firmado ning\u00fan TLC con Estados Unidos. La verdad este modelo me suena al juego del gato y el rat\u00f3n y adivinen qui\u00e9n es el rat\u00f3n.<\/div>\n<div> \t\u00a0<\/div>\n<div> \t<strong>RECALCA<\/strong><\/div>\n","protected":false},"excerpt":{"rendered":"<p>El 15 de mayo comenzar\u00e1 a regir el Tratado de Libre Comercio con Estados Unidos y, una vez m\u00e1s, pareciera que nos cogieron con los pantalones abajo. En efecto, mientras el gran [&hellip;]<\/p>\n","protected":false},"author":2,"featured_media":0,"comment_status":"open","ping_status":"open","sticky":false,"template":"","format":"standard","meta":[],"categories":[75],"tags":[],"_links":{"self":[{"href":"https:\/\/tejidohistorico.afrodescendientes.com\/index.php\/wp-json\/wp\/v2\/posts\/3793"}],"collection":[{"href":"https:\/\/tejidohistorico.afrodescendientes.com\/index.php\/wp-json\/wp\/v2\/posts"}],"about":[{"href":"https:\/\/tejidohistorico.afrodescendientes.com\/index.php\/wp-json\/wp\/v2\/types\/post"}],"author":[{"embeddable":true,"href":"https:\/\/tejidohistorico.afrodescendientes.com\/index.php\/wp-json\/wp\/v2\/users\/2"}],"replies":[{"embeddable":true,"href":"https:\/\/tejidohistorico.afrodescendientes.com\/index.php\/wp-json\/wp\/v2\/comments?post=3793"}],"version-history":[{"count":0,"href":"https:\/\/tejidohistorico.afrodescendientes.com\/index.php\/wp-json\/wp\/v2\/posts\/3793\/revisions"}],"wp:attachment":[{"href":"https:\/\/tejidohistorico.afrodescendientes.com\/index.php\/wp-json\/wp\/v2\/media?parent=3793"}],"wp:term":[{"taxonomy":"category","embeddable":true,"href":"https:\/\/tejidohistorico.afrodescendientes.com\/index.php\/wp-json\/wp\/v2\/categories?post=3793"},{"taxonomy":"post_tag","embeddable":true,"href":"https:\/\/tejidohistorico.afrodescendientes.com\/index.php\/wp-json\/wp\/v2\/tags?post=3793"}],"curies":[{"name":"wp","href":"https:\/\/api.w.org\/{rel}","templated":true}]}}