{"id":3816,"date":"2012-05-09T21:15:12","date_gmt":"2012-05-09T21:15:12","guid":{"rendered":"http:\/\/www2.nasaacin.org\/index.php\/2012\/05\/09\/medellin-iun-hogar-para-la-vida-de-quien\/"},"modified":"2012-05-09T21:15:12","modified_gmt":"2012-05-09T21:15:12","slug":"medellin-iun-hogar-para-la-vida-de-quien","status":"publish","type":"post","link":"https:\/\/tejidohistorico.afrodescendientes.com\/index.php\/2012\/05\/09\/medellin-iun-hogar-para-la-vida-de-quien\/","title":{"rendered":"Medell\u00edn: \u00bfUn hogar para la vida de qui\u00e9n?"},"content":{"rendered":"<div> \tFotograf\u00eda: R\u00f3binson S\u00e1enz &#8211; El Colombiano.\u00a0Memoria audiovisual del desalojo \/ El slogan del Plan de Desarrollo Municipal 2012-2015 &#8220;Medell\u00edn, un hogar para la vida&#8221; deja mucho que desear cuando en los cuatro primeros meses de gobierno, la administraci\u00f3n de An\u00edbal Gavir\u00eda desaloja a estas familias del barrio La Cruz en la comuna 3 Manrique.<\/div>\n<p>  <!--more-->  <\/p>\n<div> \tEstas acciones institucionales no demuestran un di\u00e1logo, una democracia, un desarrollo social, ni un cumplimiento de la constituci\u00f3n, ni siquiera una voluntad pol\u00edtica de cambio o de bienestar social que real y efectivamente solucione los problemas de las comunidades m\u00e1s vulnerables e hist\u00f3ricamente victimizadas. Este video, realizado por uno de nuestros periodistas comunitarios puede dar un testimonio fiel de lo que fue el desalojo, cuando ni siquiera se ha aprobado ese Plan de Desarrollo Municipal. <strong>V<a href=\"http:\/\/vimeo.com\/41494744\">er video<\/a><\/strong><\/div>\n<div> \t\u00a0<\/div>\n<div> \t<span style=\"color:#a52a2a;\"><span style=\"font-size:14px;\"><strong>Comunicado de la Fundaci\u00f3n Sumapaz <\/strong><\/span>\/<\/span> El 26 de abril de 2012, alrededor de las 6 am cuando mujeres con ni\u00f1os y ni\u00f1as se encontraban solas, irrumpieron en medio de los humildes ranchos funcionarios de la Secretar\u00eda de Gobierno de Medell\u00edn, de Espacio P\u00fablico, miembros de la polic\u00eda, acompa\u00f1ados con sujetos de civil que no fue posible establecer si hac\u00edan parte o no de la fuerza p\u00fablica, los cuales se mantuvieron durante toda la acci\u00f3n de destierro, esto fue interpretado como un gesto de intimidaci\u00f3n que gener\u00f3 temor entre la poblaci\u00f3n. A pesar de que con anterioridad se ven\u00edan realizando varias reuniones con la Administraci\u00f3n Municipal. <a href=\"http:\/\/www.tintatres.com\/index.php\/manrique\/noticias-de-manrique\/92-desalojo-ne-la-cruz\">Leer texto completo<\/a><\/div>\n<div> \t\u00a0<\/div>\n<div> \t<img alt=\"alt\" src=\"http:\/\/www.tintatres.com\/images\/CONTENIDO\/2012\/IMAGENES\/ABRIL\/desalojo-1.jpg\" style=\"width: 345px; height: 173px; \" \/><\/div>\n<div> \t\u00a0<\/div>\n<div> \t<span style=\"font-size:14px;\"><span style=\"color:#a52a2a;\"><strong>Informaci\u00f3n de:<\/strong>\u00a0<\/span><a href=\"http:\/\/www.tintatres.com\/\">http:\/\/www.tintatres.com\/<\/a><\/span><\/div>\n<div> \t\u00a0<\/div>\n<div>\n<div> \t\t<strong>\u00c1REA DE COMUNICACIONES \/ ASOCIACI\u00d3N CAMPESINA DE ANTIOQUIA<\/strong><\/div>\n<div> \t\tObservatorio Audiovisual e Investigativo sobre Procesos Comunitarios y de Resistencia<\/div>\n<div> \t\tPRODUCCIONES EL RETORNO \/ 2011 &#8211; <a href=\"http:\/\/comunicaciones.acantioquia.org\/\">http:\/\/comunicaciones.acantioquia.org\/<\/a><\/div>\n<\/p><\/div>\n<p> \t\u00a0<\/p>\n","protected":false},"excerpt":{"rendered":"<p>Fotograf\u00eda: R\u00f3binson S\u00e1enz &#8211; El Colombiano.\u00a0Memoria audiovisual del desalojo \/ El slogan del Plan de Desarrollo Municipal 2012-2015 &#8220;Medell\u00edn, un hogar para la vida&#8221; deja mucho que desear cuando en los cuatro [&hellip;]<\/p>\n","protected":false},"author":2,"featured_media":0,"comment_status":"open","ping_status":"open","sticky":false,"template":"","format":"standard","meta":[],"categories":[75],"tags":[],"_links":{"self":[{"href":"https:\/\/tejidohistorico.afrodescendientes.com\/index.php\/wp-json\/wp\/v2\/posts\/3816"}],"collection":[{"href":"https:\/\/tejidohistorico.afrodescendientes.com\/index.php\/wp-json\/wp\/v2\/posts"}],"about":[{"href":"https:\/\/tejidohistorico.afrodescendientes.com\/index.php\/wp-json\/wp\/v2\/types\/post"}],"author":[{"embeddable":true,"href":"https:\/\/tejidohistorico.afrodescendientes.com\/index.php\/wp-json\/wp\/v2\/users\/2"}],"replies":[{"embeddable":true,"href":"https:\/\/tejidohistorico.afrodescendientes.com\/index.php\/wp-json\/wp\/v2\/comments?post=3816"}],"version-history":[{"count":0,"href":"https:\/\/tejidohistorico.afrodescendientes.com\/index.php\/wp-json\/wp\/v2\/posts\/3816\/revisions"}],"wp:attachment":[{"href":"https:\/\/tejidohistorico.afrodescendientes.com\/index.php\/wp-json\/wp\/v2\/media?parent=3816"}],"wp:term":[{"taxonomy":"category","embeddable":true,"href":"https:\/\/tejidohistorico.afrodescendientes.com\/index.php\/wp-json\/wp\/v2\/categories?post=3816"},{"taxonomy":"post_tag","embeddable":true,"href":"https:\/\/tejidohistorico.afrodescendientes.com\/index.php\/wp-json\/wp\/v2\/tags?post=3816"}],"curies":[{"name":"wp","href":"https:\/\/api.w.org\/{rel}","templated":true}]}}