{"id":3829,"date":"2012-05-12T17:03:48","date_gmt":"2012-05-12T17:03:48","guid":{"rendered":"http:\/\/www2.nasaacin.org\/index.php\/2012\/05\/12\/implicaciones-del-tratado-de-libre-comercio-con-corea-en-la-economia-caldense\/"},"modified":"2012-05-12T17:03:48","modified_gmt":"2012-05-12T17:03:48","slug":"implicaciones-del-tratado-de-libre-comercio-con-corea-en-la-economia-caldense","status":"publish","type":"post","link":"https:\/\/tejidohistorico.afrodescendientes.com\/index.php\/2012\/05\/12\/implicaciones-del-tratado-de-libre-comercio-con-corea-en-la-economia-caldense\/","title":{"rendered":"Implicaciones del Tratado de Libre Comercio con Corea en la Econom\u00eda Caldense"},"content":{"rendered":"<div> \tSe convocaron hoy diversas fuerzas y sectores institucionales y sociales para acercarse a un an\u00e1lisis indispensable para el futuro econ\u00f3mico de la ciudad, la regi\u00f3n y la naci\u00f3n. Las implicaciones de un Tratado de Libre Comercio con Corea concitan la necesidad de leer, en t\u00e9rminos acad\u00e9micos y desde una perspectiva nacional, los efectos sobre la producci\u00f3n y el empleo al igual que sobre la creaci\u00f3n de riqueza, su acumulaci\u00f3n y redistribuci\u00f3n.<\/div>\n<p>  <!--more-->  <\/p>\n<div> \t\u00a0<\/div>\n<div> \tEliminar las barreras arancelarias para poner en &ldquo;igualdad de competencia&rdquo; en el mercado nacional, a los monopolios industriales y el Estado de Corea, frente a las industrias nacionales y el Estado de Colombia, es, por lo menos, feriar el mercado interno nacional a los &ldquo;Chaebol&rdquo; coreanos, que son poderosos conglomerados y corporaciones financieras e industriales con presencia en muy diversas ramas y sectores de la econom\u00eda.<\/div>\n<div> \t\u00a0<\/div>\n<div> \tUnas cifras permiten comprender las grandes asimetr\u00edas de ambas econom\u00edas. Mientras el Producto Interno Bruto PIB de Corea fue en el a\u00f1o 2010 de U.S. $1.459* millones de d\u00f3lares, el de Colombia fue de U.S. $ 435,4 millones de d\u00f3lares. Es decir, la suma de la producci\u00f3n de todos los bienes y servicios de Corea en un a\u00f1o, es tres veces m\u00e1s que la de Colombia y si lo miramos en t\u00e9rminos de PIB per c\u00e1pita, medido como capacidad de poder adquisitivo, el resultado es que los coreanos tienen ingresos -o podr\u00edan comprar- como promedio nacional 30.000 d\u00f3lares al a\u00f1o mientras que, los colombianos, s\u00f3lo disponen de 9.800 d\u00f3lares. Vuelve a repetirse la diferencia de tres a uno entre Corea y Colombia.<\/div>\n<div> \t\u00a0<\/div>\n<div> \tCorea tiene una poblaci\u00f3n de 48 millones de habitantes y Colombia de 44 millones y, mientras los colombianos habitamos en un territorio de 1 mill\u00f3n ciento treinta y tres mil kil\u00f3metros cuadrados, los coreanos lo hacen en solo 99 mil kil\u00f3metros. La poblaci\u00f3n en pobreza en Corea es del 15% en 2006 y se ha reducido, la nuestra es del 45.5% seg\u00fan dato del 2009.<\/div>\n<div> \t\u00a0<\/div>\n<div> \tMiremos otras cifras. La tasa de desempleo de Colombia es del 11.8% de su poblaci\u00f3n econ\u00f3micamente activa, la de Corea es del 3.3. Mientras en Colombia la tasa de desempleo juvenil -poblaci\u00f3n entre 15 y 24 a\u00f1os- es del 22.96% la de Corea es del 9.81%. La deuda p\u00fablica, que pesa sobre los tributos que pagan los habitantes de una naci\u00f3n, en Colombia es del 44.8% como porcentaje del PIB mientras en Corea es del 23.7%. \u00a0<\/div>\n<div> \t\u00a0<\/div>\n<div> \tDe otra parte, al comparar la tasa de crecimiento de la producci\u00f3n industrial encontramos que Corea ha crecido a una tasa promedio del 6,2% (de 2003 a 2011) y Colombia lo ha hecho a una tasa de 3,5 en los mismos a\u00f1os. Y si comparamos la infraestructura de ambas naciones, clave a la hora de abaratar costos y lograr econom\u00edas de escala y mayores niveles de eficiencia y competitividad, \u00bfcon qu\u00e9 nos encontramos? Estas son las cifras:<\/div>\n<div> \t\u00a0<\/div>\n<div> \tEn ferrocarriles, teniendo en cuenta que Corea es 11 veces m\u00e1s peque\u00f1a territorialmente que nosotros, hallamos que tienen 3,381 kil\u00f3metros de v\u00edas f\u00e9rreas modernas, la gran mayor\u00eda electrificadas y varias de alta velocidad. En Colombia tenemos 874 kil\u00f3metros de trocha angosta a excepci\u00f3n del ferrocarril que permite el saqueo del carb\u00f3n del Cesar y la Guajira.<\/div>\n<div> \t\u00a0<\/div>\n<div> \tEn v\u00edas, Corea dispone de 103 mil 29 kil\u00f3metros y Colombia de 141 mil 374. Una diferencia de poco m\u00e1s de 40 mil kil\u00f3metros pero en un territorio 11 veces mayor, valga recordarlo. De esos kil\u00f3metros, en Corea est\u00e1n pavimentados m\u00e1s del 80%. En Colombia se calcula entre el 8 y el 10%. Y, eso, sin detallar la calidad de las carreteras.<\/div>\n<div> \t\u00a0<\/div>\n<div> \tEn cuanto a la navegaci\u00f3n fluvial que, se sabe, es definitiva para disminuir costos por ser el transporte m\u00e1s barato, la relaci\u00f3n es la siguiente: Corea tiene escasos 1608 kil\u00f3metros, Colombia tiene 24.000, de esos 18.000 navegables, pero tan s\u00f3lo dispone de algo m\u00e1s de 7000 para embarcaciones mayores todo el a\u00f1o. Una cifra inmensa. Pero, en realidad, s\u00f3lo se utiliza una parte de los r\u00edos Magdalena y Cauca. El resto es Orinoqu\u00eda, Amazon\u00eda y Choc\u00f3 donde el uso es m\u00ednimo. En Corea usan, pr\u00e1cticamente, todos sus afluentes.<\/div>\n<div> \t\u00a0<\/div>\n<div> \tEn telecomunicaciones, la relaci\u00f3n es as\u00ed: En l\u00edneas terrestres, Corea tiene 19 millones 289 mil en uso. Colombia, 7 millones y medio. En celulares tiene 47 millones y Colombia 42 millones. Y, otro indicador importante, el de usuarios de internet, da estas cifras: Corea 39 millones y medio, Colombia, 22 millones trescientos mil.<\/div>\n<div> \t\u00a0<\/div>\n<div> \tSi detallamos exportaciones e importaciones encontramos que Colombia export\u00f3 el a\u00f1o anterior U.S. $ 56.954 millones de d\u00f3lares y Corea U.S. $ 558.800 millones de d\u00f3lares, m\u00e1s de diez veces lo que export\u00f3 Colombia. Al analizar qu\u00e9 es lo que Corea produce y exporta, encontramos productos electr\u00f3nicos, para telecomunicaciones, autom\u00f3viles, productos qu\u00edmicos, navales, de construcci\u00f3n y de acero y, que lo que exporta es, fundamentalmente, lo que produce. Art\u00edculos electr\u00f3nicos y de telecomunicaciones, autom\u00f3viles, ordenadores, aceros, barcos y productos petroqu\u00edmicos y maquinaria.<\/div>\n<div> \t\u00a0<\/div>\n<div> \tColombia produjo y export\u00f3 bienes agr\u00edcolas (caf\u00e9, banano, flores) por un valor 2.264 millones de d\u00f3lares, minerales por un valor de 31.260 millones de d\u00f3lares (petr\u00f3leo, carb\u00f3n, n\u00edquel, oro) y productos industriales 23.276 millones de d\u00f3lares. En alimentos y bebidas 4.786, en textiles, prendas de vestir y calzado 1.360, en papel, cart\u00f3n y sus productos 550, en refinados del petr\u00f3leo 5.150, en sustancias y productos qu\u00edmicos 3.053, en productos de caucho y pl\u00e1stico 751, en otros productos minerales no met\u00e1licos 470, en productos metal\u00fargicos b\u00e1sicos 4.404, en maquinaria y equipo 409, en veh\u00edculos 416, en otros tipos de transporte 546 y en muebles y manufacturas 375. Cifras todas en millones de d\u00f3lares.<\/div>\n<div> \t\u00a0<\/div>\n<div> \tDe todo eso que produjimos, \u00bfqu\u00e9 es lo que le vamos a exportar a Corea? Miremos las importaciones de Corea para encontrar respuesta a la pregunta. Se\u00f1alemos primero que Corea import\u00f3, en 2012, U.S. $ 521.643 millones de d\u00f3lares repartidos en materias primas, -combustibles (petr\u00f3leo), aceites minerales, minerales, escorias y cenizas, cobre y sus manufacturas, productos qu\u00edmicos org\u00e1nicos, fundici\u00f3n, hierro y acero- productos elaborados en China y otras naciones donde le maquilan a los conglomerados coreanos \u00a0-materias pl\u00e1sticas y sus manufacturas, m\u00e1quinas y partes para aparatos el\u00e9ctricos y autom\u00f3viles, otros equipos de transporte, partes para tractores y tractores- y, por otro lado, productos de gran valor agregado importados de los Estados Unidos y Jap\u00f3n -reactores nucleares, calderas, m\u00e1quinas avanzadas, instrumentos y aparatos de \u00f3ptica y otros bienes que explican que el comercio coreano tenga una importante estructura intraindustrial. \u00a0<\/div>\n<div> \t\u00a0<\/div>\n<div> \t\u00bfQu\u00e9 es -con un TLC- lo que vamos a vender, diferente a lo que ya vendemos, a Corea? El gobierno nacional dice que c\u00e1rnicos y l\u00e1cteos. Pero, es claro, que en ambos renglones no tenemos nada que hacer. La protecci\u00f3n que tiene Corea para sus productores y la que tienen los pa\u00edses que tradicionalmente le han vendido esos productos no nos dejan competir. Los precios de Australia, Nueva Zelanda, Estados Unidos y Uruguay, entre otros, definen el ingreso a Corea. Los Estados Unidos van a arrasar con los ganaderos colombianos, como insistentemente han se\u00f1alado los gremios del sector, y el gobierno de Santos pretende que compitan, con quienes los arruinan, por el mercado de Corea.<\/div>\n<div> \t\u00a0<\/div>\n<div> \tEn cambio, los coreanos s\u00ed tienen como aumentar sus exportaciones a colombia. Al no tener barreras arancelarias -que protejan nuestra industria- se arruinar\u00e1n f\u00e1bricas de textiles, caucho, pl\u00e1stico, calzado, autopartes, ensamblaje de veh\u00edculos y electrodom\u00e9sticos. Para manizales; sus industriales y \u00a0trabajadores, el comercio, el sector servicios, y hasta para la recreaci\u00f3n y el deporte, ser\u00eda muy peligroso un TLC con Corea. La p\u00e9rdida de m\u00e1s de 2500 empleos directos y de tres veces m\u00e1s de indirectos en manizales, y de cien mil en colombia, as\u00ed lo prueba.<\/div>\n<div> \t\u00a0<\/div>\n<div> \tLa riqueza que a diario crean estos sectores, tanto en la naci\u00f3n como en la ciudad, est\u00e1 en buena parte en riesgo y su redistribuci\u00f3n tambi\u00e9n. No puede perderse lo que se ha acumulado durante a\u00f1os de valiente esfuerzo. Lo que debe hacerse, si se quiere desarrollar la patria, salvar empleos, producci\u00f3n y riqueza, es formular una pol\u00edtica p\u00fablica industrial y agraria que, protegiendo nuestro mercado interno, de bienandanza al pa\u00eds.<\/div>\n<div> \t\u00a0<\/div>\n<div> \tEl cap\u00edtulo de Recalca-Manizales sabe que la realidad exige una gran convergencia para defender el trabajo, la producci\u00f3n, el terru\u00f1o y la naci\u00f3n. Trabajaremos en armon\u00eda con todos aquellos que quieran cumplir con el deber de ser buenos hijos de Colombia.<\/div>\n<div> \t\u00a0<\/div>\n<div> \t<strong>Oscar Guti\u00e9rrez R<\/strong><\/div>\n<div> \t<strong>Vocero Recalca- Cap\u00edtulo Manizales \u00a0\u00a0<\/strong><\/div>\n","protected":false},"excerpt":{"rendered":"<p>Se convocaron hoy diversas fuerzas y sectores institucionales y sociales para acercarse a un an\u00e1lisis indispensable para el futuro econ\u00f3mico de la ciudad, la regi\u00f3n y la naci\u00f3n. Las implicaciones de un [&hellip;]<\/p>\n","protected":false},"author":2,"featured_media":0,"comment_status":"open","ping_status":"open","sticky":false,"template":"","format":"standard","meta":[],"categories":[75],"tags":[],"_links":{"self":[{"href":"https:\/\/tejidohistorico.afrodescendientes.com\/index.php\/wp-json\/wp\/v2\/posts\/3829"}],"collection":[{"href":"https:\/\/tejidohistorico.afrodescendientes.com\/index.php\/wp-json\/wp\/v2\/posts"}],"about":[{"href":"https:\/\/tejidohistorico.afrodescendientes.com\/index.php\/wp-json\/wp\/v2\/types\/post"}],"author":[{"embeddable":true,"href":"https:\/\/tejidohistorico.afrodescendientes.com\/index.php\/wp-json\/wp\/v2\/users\/2"}],"replies":[{"embeddable":true,"href":"https:\/\/tejidohistorico.afrodescendientes.com\/index.php\/wp-json\/wp\/v2\/comments?post=3829"}],"version-history":[{"count":0,"href":"https:\/\/tejidohistorico.afrodescendientes.com\/index.php\/wp-json\/wp\/v2\/posts\/3829\/revisions"}],"wp:attachment":[{"href":"https:\/\/tejidohistorico.afrodescendientes.com\/index.php\/wp-json\/wp\/v2\/media?parent=3829"}],"wp:term":[{"taxonomy":"category","embeddable":true,"href":"https:\/\/tejidohistorico.afrodescendientes.com\/index.php\/wp-json\/wp\/v2\/categories?post=3829"},{"taxonomy":"post_tag","embeddable":true,"href":"https:\/\/tejidohistorico.afrodescendientes.com\/index.php\/wp-json\/wp\/v2\/tags?post=3829"}],"curies":[{"name":"wp","href":"https:\/\/api.w.org\/{rel}","templated":true}]}}