{"id":3830,"date":"2012-05-12T17:10:57","date_gmt":"2012-05-12T17:10:57","guid":{"rendered":"http:\/\/www2.nasaacin.org\/index.php\/2012\/05\/12\/tlc-cronica-de-una-recolonizacion-anunciada\/"},"modified":"2012-05-12T17:10:57","modified_gmt":"2012-05-12T17:10:57","slug":"tlc-cronica-de-una-recolonizacion-anunciada","status":"publish","type":"post","link":"https:\/\/tejidohistorico.afrodescendientes.com\/index.php\/2012\/05\/12\/tlc-cronica-de-una-recolonizacion-anunciada\/","title":{"rendered":"TLC: Cr\u00f3nica de una recolonizaci\u00f3n anunciada"},"content":{"rendered":"<div> \tEn 1492 cuando llegaron los espa\u00f1oles a estas tierras, pocos sospechaban que posteriormente nuestro pueblo sufrir\u00eda los siglos m\u00e1s amargos de su historia. 300 a\u00f1os de dominaci\u00f3n cultural, pol\u00edtica, social y econ\u00f3mica, que terminaron gracias a la decisi\u00f3n de esas gentes de librarse del yugo colonial. Proceso que, con sus errores y bemoles, se frenar\u00e1 por completo una vez entre en vigencia del TLC con Estados Unidos.<\/div>\n<p>  <!--more-->  <\/p>\n<div> \t\u00a0<\/div>\n<div> \tHace 520 a\u00f1os no sab\u00edamos lo que pasar\u00eda. Hoy la recolonizaci\u00f3n tiene fecha de inicio: 15 de mayo de 2012. Algunos medios de comunicaci\u00f3n anuncian la llegada del TLC en conteo regresivo, como si se tratara de la inauguraci\u00f3n de un mundial de f\u00fatbol, salvo que en lugar de un partido Espa\u00f1a &ndash; Holanda, el TLC entre Colombia y Estados Unidos es m\u00e1s bien uno Barcelona &ndash; Bogot\u00e1 F.C.<\/div>\n<div> \t\u00a0<\/div>\n<div> \tEsos mismos medios de comunicaci\u00f3n, al servicio de poderosas corporaciones globales, han hecho creer a los colombianos que a partir de la implementaci\u00f3n del TLC vamos a comprar cosas barat\u00edsimas. Un mundo feliz donde todos tendremos Cherokee, Iphone&rsquo;s, ropa y ma\u00edz baratos. Incluso ya se oyen vendedores en la calle invitando a comprar mercanc\u00edas que est\u00e1n llegando \u00a1gracias al TLC!<\/div>\n<div> \t\u00a0<\/div>\n<div> \tLas cuentas que nunca dicen, con lo que enga\u00f1an a incautos, es que a\u00fan para comprar cosas barat\u00edsimas de cualquier parte del mundo se requiere un peque\u00f1o detalle: tener empleo. El que justamente se perder\u00e1 con el reemplazo de producci\u00f3n local por extranjera, gracias a la enorme competitividad de la econom\u00eda estadounidense, resultado de los multimillonarios subsidios y protecciones a su agro e industria. Las mismas que ser\u00e1n imposibles brindar a la producci\u00f3n colombiana.<\/div>\n<div> \t\u00a0<\/div>\n<div> \tSi tuviera que describir lo m\u00e1s perjudicial del TLC en una frase, ser\u00eda: Colombia ya no podr\u00e1 hacer lo mismo que hicieron las potencias actuales para desarrollarse. Est\u00e1 en el cap\u00edtulo 10, el de inversiones. A partir del 15 de mayo, cualquier decisi\u00f3n del Estado colombiano en materia ambiental, agraria, industrial y fiscal deber\u00e1 considerar, como primera medida, que no afecte a la inversi\u00f3n estadounidense. Pero no crea que estamos hablando solamente de no expropiar a compa\u00f1\u00edas gringas. No. Se trata de que no podremos interferir con sus &ldquo;expectativas inequ\u00edvocas y razonables de la inversi\u00f3n&rdquo;, como reza en el \u00a0TLC. \u00a1Expectativas! que ser\u00e1n consideradas como &ldquo;expropiaci\u00f3n indirecta&rdquo; si, por ejemplo, ocurren &ldquo;p\u00e9rdidas sufridas por inversiones en su territorio como resultado de conflictos armados o contiendas civiles&rdquo;. Es el fin de la autodeterminaci\u00f3n econ\u00f3mica.<\/div>\n<div> \t\u00a0<\/div>\n<div> \tUsted, lector, ll\u00e1melo como quiera; para m\u00ed es recolonizaci\u00f3n. La diferencia con la sufrida por Espa\u00f1a es que ahora ser\u00e1 Constitucional e irreversible. Tiene fecha de inicio &ndash;anunciada&ndash; aunque no de terminaci\u00f3n. Los colombianos podemos escoger dos caminos: no hacer nada o luchar para recuperar la soberan\u00eda de nuestro territorio. Escoger\u00e9 la segunda.<\/div>\n<div> \t\u00a0<\/div>\n<div> \t<strong>Mario Alejandro Valencia. Analista de Recalca, profesor de econom\u00eda de la U. Central.<\/strong><\/div>\n<div> \t<strong>[recalca-todos.colombia]<\/strong><\/div>\n<div> \t\u00a0<\/div>\n","protected":false},"excerpt":{"rendered":"<p>En 1492 cuando llegaron los espa\u00f1oles a estas tierras, pocos sospechaban que posteriormente nuestro pueblo sufrir\u00eda los siglos m\u00e1s amargos de su historia. 300 a\u00f1os de dominaci\u00f3n cultural, pol\u00edtica, social y econ\u00f3mica, [&hellip;]<\/p>\n","protected":false},"author":2,"featured_media":0,"comment_status":"open","ping_status":"open","sticky":false,"template":"","format":"standard","meta":[],"categories":[75],"tags":[],"_links":{"self":[{"href":"https:\/\/tejidohistorico.afrodescendientes.com\/index.php\/wp-json\/wp\/v2\/posts\/3830"}],"collection":[{"href":"https:\/\/tejidohistorico.afrodescendientes.com\/index.php\/wp-json\/wp\/v2\/posts"}],"about":[{"href":"https:\/\/tejidohistorico.afrodescendientes.com\/index.php\/wp-json\/wp\/v2\/types\/post"}],"author":[{"embeddable":true,"href":"https:\/\/tejidohistorico.afrodescendientes.com\/index.php\/wp-json\/wp\/v2\/users\/2"}],"replies":[{"embeddable":true,"href":"https:\/\/tejidohistorico.afrodescendientes.com\/index.php\/wp-json\/wp\/v2\/comments?post=3830"}],"version-history":[{"count":0,"href":"https:\/\/tejidohistorico.afrodescendientes.com\/index.php\/wp-json\/wp\/v2\/posts\/3830\/revisions"}],"wp:attachment":[{"href":"https:\/\/tejidohistorico.afrodescendientes.com\/index.php\/wp-json\/wp\/v2\/media?parent=3830"}],"wp:term":[{"taxonomy":"category","embeddable":true,"href":"https:\/\/tejidohistorico.afrodescendientes.com\/index.php\/wp-json\/wp\/v2\/categories?post=3830"},{"taxonomy":"post_tag","embeddable":true,"href":"https:\/\/tejidohistorico.afrodescendientes.com\/index.php\/wp-json\/wp\/v2\/tags?post=3830"}],"curies":[{"name":"wp","href":"https:\/\/api.w.org\/{rel}","templated":true}]}}