{"id":3840,"date":"2012-05-14T22:58:33","date_gmt":"2012-05-14T22:58:33","guid":{"rendered":"http:\/\/www2.nasaacin.org\/index.php\/2012\/05\/14\/comunicado-de-prensa-polo-democratico\/"},"modified":"2012-05-14T22:58:33","modified_gmt":"2012-05-14T22:58:33","slug":"comunicado-de-prensa-polo-democratico","status":"publish","type":"post","link":"https:\/\/tejidohistorico.afrodescendientes.com\/index.php\/2012\/05\/14\/comunicado-de-prensa-polo-democratico\/","title":{"rendered":"Comunicado de Prensa &#8211; Polo Democr\u00e1tico"},"content":{"rendered":"<p> \tContin\u00faa hospitalizado dirigente del Polo Democr\u00e1tico brutalmente atacado por agentes de polic\u00eda en Popay\u00e1n.\u00a0Tal como lo informamos, el pasado 9 de mayo, fue brutalmente atacado, sin raz\u00f3n alguna el ex candidato al Concejo de Popay\u00e1n, compa\u00f1ero Gustavo Hern\u00e1ndez, quien adem\u00e1s es coordinador de la asociaci\u00f3n de expendedores de leche cruda en Popay\u00e1n y militante de la Juventud Comunista Colombiana.<\/p>\n","protected":false},"excerpt":{"rendered":"<p>Contin\u00faa hospitalizado dirigente del Polo Democr\u00e1tico brutalmente atacado por agentes de polic\u00eda en Popay\u00e1n.\u00a0Tal como lo informamos, el pasado 9 de mayo, fue brutalmente atacado, sin raz\u00f3n alguna el ex candidato al [&hellip;]<\/p>\n","protected":false},"author":2,"featured_media":0,"comment_status":"open","ping_status":"open","sticky":false,"template":"","format":"standard","meta":[],"categories":[61],"tags":[],"_links":{"self":[{"href":"https:\/\/tejidohistorico.afrodescendientes.com\/index.php\/wp-json\/wp\/v2\/posts\/3840"}],"collection":[{"href":"https:\/\/tejidohistorico.afrodescendientes.com\/index.php\/wp-json\/wp\/v2\/posts"}],"about":[{"href":"https:\/\/tejidohistorico.afrodescendientes.com\/index.php\/wp-json\/wp\/v2\/types\/post"}],"author":[{"embeddable":true,"href":"https:\/\/tejidohistorico.afrodescendientes.com\/index.php\/wp-json\/wp\/v2\/users\/2"}],"replies":[{"embeddable":true,"href":"https:\/\/tejidohistorico.afrodescendientes.com\/index.php\/wp-json\/wp\/v2\/comments?post=3840"}],"version-history":[{"count":0,"href":"https:\/\/tejidohistorico.afrodescendientes.com\/index.php\/wp-json\/wp\/v2\/posts\/3840\/revisions"}],"wp:attachment":[{"href":"https:\/\/tejidohistorico.afrodescendientes.com\/index.php\/wp-json\/wp\/v2\/media?parent=3840"}],"wp:term":[{"taxonomy":"category","embeddable":true,"href":"https:\/\/tejidohistorico.afrodescendientes.com\/index.php\/wp-json\/wp\/v2\/categories?post=3840"},{"taxonomy":"post_tag","embeddable":true,"href":"https:\/\/tejidohistorico.afrodescendientes.com\/index.php\/wp-json\/wp\/v2\/tags?post=3840"}],"curies":[{"name":"wp","href":"https:\/\/api.w.org\/{rel}","templated":true}]}}