{"id":3861,"date":"2012-05-16T22:13:36","date_gmt":"2012-05-16T22:13:36","guid":{"rendered":"http:\/\/www2.nasaacin.org\/index.php\/2012\/05\/16\/sabino-romero-si-me-matan-los-indigenas-se-van-a-alzar-en-la-sierra-de-perija\/"},"modified":"2012-05-16T22:13:36","modified_gmt":"2012-05-16T22:13:36","slug":"sabino-romero-si-me-matan-los-indigenas-se-van-a-alzar-en-la-sierra-de-perija","status":"publish","type":"post","link":"https:\/\/tejidohistorico.afrodescendientes.com\/index.php\/2012\/05\/16\/sabino-romero-si-me-matan-los-indigenas-se-van-a-alzar-en-la-sierra-de-perija\/","title":{"rendered":"Sabino Romero: \u201cSi me matan, los ind\u00edgenas se van a alzar en la Sierra de Perij\u00e1\u201d"},"content":{"rendered":"<div> \tRecientemente la comunidad yukpa padeci\u00f3 dos asesinatos m\u00e1s que engrosan la lista de muertos en manos de terratenientes y guardias nacionales al servicio de estos.<\/div>\n<p>  <!--more-->  <\/p>\n<div> \t\u00a0<\/div>\n<div> \tEl robo de sus tierras contin\u00faa, despu\u00e9s de 500 a\u00f1os de colonialismo, despu\u00e9s de que el mismo presidente Ch\u00e1vez prometiera entreg\u00e1rselas y de hecho hiciera un acto para ello.<\/div>\n<div> \t\u00a0<\/div>\n<div> \tUna de las voces yukpas que se alza, que han tratado de acallar, que es perseguida, es la de Sabino Romero Izarra, cacique de esta comunidad originaria.<\/div>\n<div> \t\u00a0<\/div>\n<div> \tLa Br\u00fajula del Sur <strong>(1)<\/strong> habla con la leyenda viva. Pero, Sabino prefiere presentarse \u00e9l mismo. &ldquo;Soy yukpa, de la Sierra de Perij\u00e1. Soy Cacique, tengo 30 a\u00f1os mandando como Cacique y hasta fui preso por luchar por mi territorio. Nosotros luchamos por la demarcaci\u00f3n de los territorios de nuestra gente&rdquo;, nos dice.<\/div>\n<div> \t\u00a0<\/div>\n<div> \tEs hoy una de las figuras m\u00e1s emblem\u00e1ticas del combate y la resistencia ind\u00edgena en Latinoam\u00e9rica.<\/div>\n<div> \t\u00a0<\/div>\n<div> \tHace poco, despu\u00e9s de reunirse con miembros del parlamento venezolano en la Sierra de Perij\u00e1 para tratar de resolver la entrega de tierras prometida por el presidente Hugo Ch\u00e1vez, Sabino fue emboscado por la Guardia Nacional Bolivariana -GNB-.<\/div>\n<div> \t\u00a0<\/div>\n<div> \t&ldquo;Suelten a Tirofijo&rdquo; dijeron al liberarlo, despu\u00e9s que interviniesen telef\u00f3nicamente los propios parlamentarios con los que se hab\u00edan reunido <strong>(2)<\/strong>. &ldquo;No sabemos por qu\u00e9 me dijeron Tirofijo&rdquo;, nos explica.<\/div>\n<div> \t\u00a0<\/div>\n<div> \tHoy est\u00e1 en Caracas &ldquo;para contar la verdad sobre lo que est\u00e1 ocurriendo en la Sierra de Perij\u00e1<strong> (3) <\/strong>(&hellip;) para exponer una queja al documento de propiedad colectiva de los Yukpas. Ese documento que nos quieren entregar dicen que tenemos que convivir con terceros y nosotros los yukpas no queremos eso&rdquo;.<\/div>\n<div> \t\u00a0<\/div>\n<div> \tEn la sede de aporrea.org Sabino agreg\u00f3 que no pueden &ldquo;vivir con terceros, porque se pierde nuestra cultura&rdquo;. Alguien que observe el proceso de transculturaci\u00f3n de las comunidades ind\u00edgenas venezolanas y niegue que esto sea as\u00ed, lograr\u00eda un hallazgo.<\/div>\n<div> \t\u00a0<\/div>\n<div> \tAl descendiente de Guaicaipuro no le tiembla la boca cuando dice que a \u00e9l no lo compra ni el Ministerio de los Pueblos Ind\u00edgenas -Minpi-, ni los ganaderos, ni la GNB, nadie.<\/div>\n<div> \t\u00a0<\/div>\n<div> \t&ldquo;A mi me persiguen porque soy muy fuerte. Los otros caciques fuertes ya han muerto. No soy fuerte para pelear a fuerza de plomo, sino a fuerza de palabra. Me amenazan los ganaderos y los terratenientes que no quieren irse de nuestro territorio&rdquo;.<\/div>\n<div> \t\u00a0<\/div>\n<div> \t<strong>Ch\u00e1vez protege y el Minpi condena<\/strong><\/div>\n<div> \t\u00a0<\/div>\n<div> \tEl presidente Hugo Ch\u00e1vez en agosto de 2008 inst\u00f3 a los funcionarios del gobierno, a las fuerzas armadas a demarcar las tierras y proteger a la comunidad yukpa <strong>(4)<\/strong>. &ldquo;Espero que yo no tenga que irme para all\u00e1. Espero que el ministro del Interior y las autoridades a las que he remitido solucionen el problema&rdquo;, dijo Ch\u00e1vez en su momento.<\/div>\n<div> \t\u00a0<\/div>\n<div> \tHoy asalariados del Minpi atacan la lucha de Sabino Romero, lo acusan de cuatrero y exigen que la justicia haga algo con el &ldquo;guerrillero&rdquo; ese \u00bfEn qu\u00e9 parte del camino burocr\u00e1tico se extrav\u00edan las instrucciones del presidente?<\/div>\n<div> \t\u00a0<\/div>\n<div> \tSabino les responde. &ldquo;Me acusan de malandro, de guerrillero, cuatrero, s\u00f3lo porque lucho por mis territorios (&hellip;) me atacan desde el Ministerio de Pueblos Ind\u00edgenas porque soy el \u00fanico yukpa que qued\u00f3 luchando fuertemente por su territorio y yo no me dej\u00f3 llevar de nadie&rdquo;.<\/div>\n<div> \t\u00a0<\/div>\n<div> \tAclara que &ldquo;los 5 caciques a los que llaman mayores son empleados del ministerio. Nicia Maldonado (la ministra) les paga un sueldo y con eso les callan la boca. En la Sierra hay m\u00e1s de 80 caciques en contra de eso (&hellip;) El ministerio est\u00e1 comprando a los yukpas con vacas viejas, novillas y casitas peque\u00f1as como cajitas de f\u00f3sforos. All\u00e1 no aceptamos esos caciques mayores, aceptamos a los caciques como ancestralmente los tenemos. Nosotros no queremos dinero, ni vacas ni casitas, nosotros queremos nuestro territorio, sin terceros&rdquo;.<\/div>\n<div> \t\u00a0<\/div>\n<div> \tSabino evidencia la ambici\u00f3n de los terratenientes en La Sierra. Ellos &ldquo;quieren que les paguen las bienhechur\u00edas, pero en nuestros territorios han matado muchos Yukpas&rdquo;. Se pregunta sin temor a nadie, a nada &ldquo;entonces \u00bfqu\u00e9 es lo que va a pagar el presidente? Yo creo que el presidente no puede pagar eso (sus muertos) ya han matado muchos ind\u00edgenas&rdquo;.<\/div>\n<div> \t\u00a0<\/div>\n<div> \t<strong>Contra las nuevas formas de coloniaje<\/strong><\/div>\n<div> \t\u00a0<\/div>\n<div> \tEl cacique es blanco del acoso, la persecuci\u00f3n, de las muertes de familiares y compa\u00f1eros de lucha, de amenazas por diferentes organismos interesados en su desaparici\u00f3n, debido a su larga y valiente batalla, por defender los derechos de la comunidad en su territorio ancestral.<\/div>\n<div> \t\u00a0<\/div>\n<div> \tAdvierte que est\u00e1 &ldquo;amenazado&rdquo; y que si lo matan &ldquo;los yukpas se van a alzar en la Sierra de Perij\u00e1&rdquo;. El hombre s\u00edmbolo de la resistencia ind\u00edgena recuerda que &ldquo;el 13 de abril mataron 2 yukpas m\u00e1s&rdquo; y vino a Caracas para ver qu\u00e9 lograba.<\/div>\n<div> \t\u00a0<\/div>\n<div> \tO &ldquo;nos acaban, o va a haber una guerra entre terratenientes y yukpas&rdquo;. Para m\u00e1s luces lo decreta. &ldquo;Esto es una guerra entre terratenientes y yukpas revolucionarios&rdquo;.<\/div>\n<div> \t\u00a0<\/div>\n<div> \tLas exigencias de parte de la comunidad yukpa son las mismas desde hace m\u00e1s de treinta a\u00f1os. &ldquo;Queremos que resuelvan urgentemente la demarcaci\u00f3n de nuestra tierra, que nos den la propiedad colectiva para los territorios yukpas. Que paguen la bienhechur\u00edas, si es que el gobierno decide pagar (&hellip;) yo creo que los que est\u00e1n en deuda con nosotros son los terratenientes, porque han matado muchos yukpas&rdquo;.<\/div>\n<div> \t\u00a0<\/div>\n<div> \t<strong>\u00bfD\u00f3nde est\u00e1n los recursos?<\/strong><\/div>\n<div> \t\u00a0<\/div>\n<div> \tSe supo de manera extraoficial que el presidente Ch\u00e1vez aprobar\u00eda recursos para comprar las tierras y las haciendas de la comunidad ancestral. Sabino maneja la misma informaci\u00f3n. Esos 250 millones para pagar las bienhechur\u00edas de las haciendas &ldquo;que aprueba el presidente no aparece en la Sierra de Perij\u00e1 \u00bfSer\u00e1 que lo tiene Nicia Maldonado?&rdquo; se pregunta y finaliza &ldquo;el Presidente Ch\u00e1vez no tiene la culpa, pero yo creo que se roban el dinero de los yukpas&rdquo;.<\/div>\n<div> \t\u00a0<\/div>\n<div> \t<span style=\"font-size:14px;\"><strong><span style=\"color: rgb(105, 105, 105); \">Para conocer las respuestas completas escuche el AUDIO aqu\u00ed:\u00a0<\/span><\/strong><\/span><a href=\"http:\/\/soundcloud.com\/des-union-radio-noticias\/entrevista-al-cacique-yukpa\">http:\/\/soundcloud.com\/des-union-radio-noticias\/entrevista-al-cacique-yukpa<\/a><\/div>\n<div> \t\u00a0<\/div>\n<div>\n<div> \t\t<strong>Para ampliar las informaciones:<\/strong><\/div>\n<div> \t\t\u00a0<\/div>\n<div> \t\t<strong>(1) <\/strong>La Br\u00fajula del Sur es un programa que se transmite en la emisora del Ministerio del Poder Popular para la Cultura, Alba Ciudad (<a href=\"http:\/\/albaciudad.org\/\">albaciudad.org<\/a>, @albaciudad, 96.3 FM) y Radio Rebelde (<a href=\"http:\/\/radiorebelde.info\/\">radiorebelde.info<\/a>, @radiorebelde915, 91,5 FM), conducido por Ernesto J. Navarro y producido por Indira Carpio Olivo.<\/div>\n<div> \t\t\u00a0<\/div>\n<div> \t\t<strong>(2) <\/strong>En: h<a href=\"http:\/\/www.aporrea.org\/ddhh\/n204635.html\">ttp:\/\/www.aporrea.org\/ddhh\/n204635.html<\/a><\/div>\n<div> \t\t\u00a0<\/div>\n<div> \t\t<strong>(3) <\/strong>La Sierra de Perij\u00e1 es un territorio rico en minerales. Se conoce tambi\u00e9n como una de las tierras m\u00e1s f\u00e9rtiles del pa\u00eds y un espacio para la producci\u00f3n agr\u00edcola y agropecuaria. Est\u00e1 ubicada al este de la naci\u00f3n venezolana, en el Estado Zulia, lim\u00edtrofe con Colombia.<\/div>\n<div> \t\t\u00a0<\/div>\n<div> \t\t<strong>(4)<\/strong> Puede escuchar y ver al presidente Ch\u00e1vez a favor de los yukpas en: <a href=\"http:\/\/www.youtube.com\/watch?v=xLF1NvS9zDE&#038;feature=player_embedded\">http:\/\/www.youtube.com\/watch?v=xLF1NvS9zDE&#038;feature=player_embedded#!<\/a><\/div>\n<div> \t\t\u00a0<\/div>\n<div> \t\t\u00a0<\/div>\n<\/p><\/div>\n<div> \t<span style=\"color:#696969;\"><strong>Por:<\/strong><\/span> <span style=\"font-size:14px;\"><strong>Indira Carpio Olivo y Ernesto J. Navarro<\/strong><\/span><\/div>\n<div> \t<a href=\"http:\/\/laguarura.net\/2012\/05\/14\/sabino-romero-si-me-matan-los-indigenas-se-van-a-alzar-en-la-sierra-de-perija\/\">http:\/\/laguarura.net\/2012\/05\/14\/sabino-romero-si-me-matan-los-indigenas-se-van-a-alzar-en-la-sierra-de-perija\/<\/a><\/div>\n<div> \t\u00a0<\/div>\n","protected":false},"excerpt":{"rendered":"<p>Recientemente la comunidad yukpa padeci\u00f3 dos asesinatos m\u00e1s que engrosan la lista de muertos en manos de terratenientes y guardias nacionales al servicio de estos.<\/p>\n","protected":false},"author":2,"featured_media":0,"comment_status":"open","ping_status":"open","sticky":false,"template":"","format":"standard","meta":[],"categories":[3],"tags":[],"_links":{"self":[{"href":"https:\/\/tejidohistorico.afrodescendientes.com\/index.php\/wp-json\/wp\/v2\/posts\/3861"}],"collection":[{"href":"https:\/\/tejidohistorico.afrodescendientes.com\/index.php\/wp-json\/wp\/v2\/posts"}],"about":[{"href":"https:\/\/tejidohistorico.afrodescendientes.com\/index.php\/wp-json\/wp\/v2\/types\/post"}],"author":[{"embeddable":true,"href":"https:\/\/tejidohistorico.afrodescendientes.com\/index.php\/wp-json\/wp\/v2\/users\/2"}],"replies":[{"embeddable":true,"href":"https:\/\/tejidohistorico.afrodescendientes.com\/index.php\/wp-json\/wp\/v2\/comments?post=3861"}],"version-history":[{"count":0,"href":"https:\/\/tejidohistorico.afrodescendientes.com\/index.php\/wp-json\/wp\/v2\/posts\/3861\/revisions"}],"wp:attachment":[{"href":"https:\/\/tejidohistorico.afrodescendientes.com\/index.php\/wp-json\/wp\/v2\/media?parent=3861"}],"wp:term":[{"taxonomy":"category","embeddable":true,"href":"https:\/\/tejidohistorico.afrodescendientes.com\/index.php\/wp-json\/wp\/v2\/categories?post=3861"},{"taxonomy":"post_tag","embeddable":true,"href":"https:\/\/tejidohistorico.afrodescendientes.com\/index.php\/wp-json\/wp\/v2\/tags?post=3861"}],"curies":[{"name":"wp","href":"https:\/\/api.w.org\/{rel}","templated":true}]}}