{"id":3864,"date":"2012-05-17T15:09:36","date_gmt":"2012-05-17T15:09:36","guid":{"rendered":"http:\/\/www2.nasaacin.org\/index.php\/2012\/05\/17\/comunidades-afectadas-por-el-incremento-de-los-grupos-armados-208\/"},"modified":"2012-05-17T15:09:36","modified_gmt":"2012-05-17T15:09:36","slug":"comunidades-afectadas-por-el-incremento-de-los-grupos-armados-208","status":"publish","type":"post","link":"https:\/\/tejidohistorico.afrodescendientes.com\/index.php\/2012\/05\/17\/comunidades-afectadas-por-el-incremento-de-los-grupos-armados-208\/","title":{"rendered":"Comunidades afectadas por el incremento de los grupos armados"},"content":{"rendered":"<\/p>\n<div> \tLa Asociacion de Cabildos Ind\u00edgenas del norte del Cauca-ACIN y la junta directiva de gobernadores, rechazamos las nuevas amenazas contra la vida y la pervivencia en armon\u00eda de las comunidades y los l\u00edderes ind\u00edgenas del norte del Cauca.<\/div>\n<p>  <!--more-->  <\/p>\n<div> \t\u00a0<\/div>\n<div> \tLas comunidades ind\u00edgenas del norte del Cauca, rechazamos categ\u00f3ricamente los hechos que acontecen en el territorio ind\u00edgena de Miranda que amenazan con acabar la vida del pueblo ind\u00edgena nasa, repudiamos el asesinato del l\u00edder ind\u00edgena <strong>Julio Dagua Corpus<\/strong>, quien se desempe\u00f1aba como presidente de la Asociaci\u00f3n de Damnificados de Monterredondo; pero adem\u00e1s la guerra no es lo \u00fanico que nos agrede ya que en las \u00faltimas horas se recibi\u00f3 una amenaza a trav\u00e9s de internet con una serie de acusaciones sin fundamento alguno, con afirmaciones mentirosas e insultos y amenazas que al parecer tiene como \u00fanico fin desestabilizar la Unidad como principio de nuestra organizaci\u00f3n.<\/div>\n<div> \t\u00a0<\/div>\n<div> \t<span style=\"font-size:14px;\"><strong>Hechos<\/strong><\/span><\/div>\n<div> \t\u00a0<\/div>\n<div> \tEs imprescindible recordar que el pasado 9, 10 y 11 de mayo las comunidades ind\u00edgenas de norte del Cauca marchamos por la paz y el derecho a participar en la construcci\u00f3n de la misma, una de las exigencias que conllevaba la movilizaci\u00f3n era la de buscar espacios de di\u00e1logo con los actores armados legales e ilegales y entre los temas a tratar la afectaci\u00f3n comunitaria por la militarizaci\u00f3n de los territorios y las infracciones permanentes del DIH y violaciones constantes de los DDHH de la poblaci\u00f3n civil.<\/div>\n<div> \t\u00a0<\/div>\n<div> \tSin embargo nuevamente notamos con gran preocupaci\u00f3n la situaci\u00f3n de agudizaci\u00f3n del conflicto armado en el territorio de Miranda.<\/div>\n<div> \t\u00a0<\/div>\n<div> \tDesde el d\u00eda s\u00e1bado 12 de Mayo de 2012 cerca de las 4:30 pm cuando la comunidad de Monte Redondo participaba de eventos deportivos se iniciaron fuertes combates entre el ej\u00e9rcito y la guerrilla, quedando la poblaci\u00f3n en medio del fuego cruzado, la situaci\u00f3n se torn\u00f3 peor cuando el ej\u00e9rcito se atrincher\u00f3 en las vivienda de los civiles desde donde abri\u00f3 fuego contra la guerrilla. La comunidad se vio obligada a desplazarse hacia el puesto de Salud de la vereda Monte Redondo.\u00a0<\/div>\n<div> \t\u00a0<\/div>\n<div> \tEse s\u00e1bado, alrededor de 30 familias &ndash; 80 personas amanecieron a la intemperie, una comisi\u00f3n del cabildo y de la personer\u00eda de Miranda hicieron la respectiva verificaci\u00f3n de los hechos. El d\u00eda domingo, 13 de mayo, acompa\u00f1aron a las familias aun presentes en el puesto de Salud, pues en la zona continuaban los combates de forma espor\u00e1dica.<\/div>\n<div> \t\u00a0<\/div>\n<div> \tEn la tarde de ayer martes 15 de Mayo cerca de las 5 pm de la tarde se reanudaron los combates, lo que obligo a la comunidad a desplazarse de nuevo hacia el centro de Salud, los combates continuaron hasta el mi\u00e9rcoles 16 de mayo, en esta ocasi\u00f3n el censo indica que se encuentran alrededor de 40 familias &ndash; 100 personas; y como en d\u00edas pasados, fueron el Cabildo Ind\u00edgena de Miranda y la personer\u00eda municipal de Miranda quienes acompa\u00f1aron a las familias afectadas. \u00a0<\/div>\n<div> \t\u00a0<\/div>\n<div> \tHasta las 6:30 pm del d\u00eda mi\u00e9rcoles 16 de mayo persist\u00edan los combates, el Cabildo informa que se le ha hecho un llamado al ej\u00e9rcito nacional para que se retiren de las casas de la poblaci\u00f3n civil, pero ha sido en vano.<\/div>\n<div> \t\u00a0<\/div>\n<div> \tEl mi\u00e9rcoles 16 de mayo, cerca de las 3 de la tarde, mientras los miembros del Cabildo atend\u00edan esta emergencia fue asesinado el l\u00edder comunitario <strong>JULIO DAGUA CORPUS<\/strong> presidente de la Asociaci\u00f3n de damnificados de Monte Redondo, Julio pertenec\u00eda a la comunidad de la vereda El \u00a0Horno, su asesinato se dio en la vereda la Uni\u00f3n.<\/div>\n<div> \t\u00a0<\/div>\n<div> \tHoy 17 de Mayo de 2012, conocemos del traslado de las familias desplazadas en Monte Redondo hacia la finca las Palmas a 5 minutos de la cabecera municipal de Miranda debido al riesgo y por amenazas contra su integridad f\u00edsica.<\/div>\n<div> \t\u00a0<\/div>\n<div> \tAdem\u00e1s de la afectaci\u00f3n por la violaci\u00f3n de los derechos de la poblaci\u00f3n civil por parte de los actores armados en conflicto, organizaciones que se autodenominan defensoras del medio ambiente y la vida pero que en sus t\u00e9rminos y mentiras dejan ver lo poco que estos dos temas les interesa, env\u00edan amenazas directas a la poblaci\u00f3n ind\u00edgena del resguardo de Canoas.<\/div>\n<div> \t\u00a0<\/div>\n<div> \tEn esta ocasi\u00f3n, llega un correo electr\u00f3nico en el cual una organizaci\u00f3n que se denomina gruparco Cauca, acusa a las comunidades ind\u00edgenas de estar explotando las minas existentes en el territorio del resguardo ind\u00edgena de Canoas y que con sustancias venenosas est\u00e1n atentando contra el medio ambiente, adem\u00e1s ponen un ultim\u00e1tum con serias amenazas contra la vida y la integridad de los l\u00edderes ind\u00edgenas de la zona:<\/div>\n<div> \t\u00a0<\/div>\n<div> \t<strong>Amenaza por medio de un correo electr\u00f3nico:<\/strong> &ldquo; apreciados indigenas. ustedes marchan por la paz y la vida pero no se ponen a ver que hay personas de sus mismas comunidades que le vienen haciendo un grave problema a muchas personas. caso es lo que viene sucediendo con esos hijueputas mineros de la vereda el condor del resguardo ncanoas a cargo del alias el morocho y alias chipote donde se encuentran molinos de moler piedras para la extraccio0n de oro, donde vienen usando quimicos como mercurio9 y otros y estan matando a las comunidades de las veredas del aguila, paez, canoas, dominguilolo, san vernabe y parte de santander. ustedes no hacen nada por controlar estos desalmados que solo creen que son los uniocos que tienen derecho a vibir sin importarles lo de los demas. estan vuenos para hacerles tragar esas aguamierdas envenenadas a ellos mismos aber a que le saben. no estamos en contra del trabajo, pero si rechazamos rotundamente el da\u00f1o al medio ambiente y sobre todo el predominio de la vida sobre toda la riqueza de la tierra. por lo tanto, les damos 15 dias para que controlen sus aguas podridas, sucias, envenenadas y no nos la sigan hechando para nuestro consumo, de lo contrario tomaremos aciones sobre ellos contundentes e iniciaremos a desapariciones forsosas si es del caso. en sus manos esta la vida nde ellos. por favor haganles llegar la comunicacion. a esos triple hijueputas asquerosos sin conciencia y asesinos.<\/div>\n<div> \tat. gruparco, cauca, colombia es en serio.&rdquo;\u00a0<\/div>\n<div> \t\u00a0<\/div>\n<div> \t<span style=\"font-size:14px;\"><strong>Por estas situaciones:<\/strong><\/span><\/div>\n<div> \t\u00a0<\/div>\n<div> \t<strong>Rechazamos:<\/strong> la creciente militarizaci\u00f3n de los territorios ind\u00edgenas por parte de los actores armados en conflicto, legales e ilegales.<\/div>\n<div> \t\u00a0<\/div>\n<div> \t<strong>Llamamos: <\/strong>A las organizaciones defensoras de derechos humanos para que a trav\u00e9s de la presi\u00f3n social y pol\u00edtica se logre el avance de las investigaciones que sancionen a los responsables de las amenazas, pero adem\u00e1s que nos ayuden a visibilizar la afectaci\u00f3n que padece la comunidad ind\u00edgena en el norte del Cauca.<\/div>\n<div> \t\u00a0<\/div>\n<div> \t<strong>Exigimos<\/strong>: a los organismos responsables investigar y sancionar estos hechos con procedimientos claros y oportunos, porque mientras en el pa\u00eds se arraiga la impunidad como una costumbre, las organizaciones sociales de base continuamos en la mira de los actores armados.<\/div>\n<div> \t\u00a0<\/div>\n<div> \t<strong>CONSEJERIA ACIN<\/strong><\/div>\n<div> \t<strong>JUNTA DIRECTIVA DE AUTORIDADES INDIGENAS DEL NORTE DEL CAUCA<\/strong><\/div>\n","protected":false},"excerpt":{"rendered":"<p>La Asociacion de Cabildos Ind\u00edgenas del norte del Cauca-ACIN y la junta directiva de gobernadores, rechazamos las nuevas amenazas contra la vida y la pervivencia en armon\u00eda de las comunidades y los [&hellip;]<\/p>\n","protected":false},"author":2,"featured_media":0,"comment_status":"open","ping_status":"open","sticky":false,"template":"","format":"standard","meta":[],"categories":[73],"tags":[],"_links":{"self":[{"href":"https:\/\/tejidohistorico.afrodescendientes.com\/index.php\/wp-json\/wp\/v2\/posts\/3864"}],"collection":[{"href":"https:\/\/tejidohistorico.afrodescendientes.com\/index.php\/wp-json\/wp\/v2\/posts"}],"about":[{"href":"https:\/\/tejidohistorico.afrodescendientes.com\/index.php\/wp-json\/wp\/v2\/types\/post"}],"author":[{"embeddable":true,"href":"https:\/\/tejidohistorico.afrodescendientes.com\/index.php\/wp-json\/wp\/v2\/users\/2"}],"replies":[{"embeddable":true,"href":"https:\/\/tejidohistorico.afrodescendientes.com\/index.php\/wp-json\/wp\/v2\/comments?post=3864"}],"version-history":[{"count":0,"href":"https:\/\/tejidohistorico.afrodescendientes.com\/index.php\/wp-json\/wp\/v2\/posts\/3864\/revisions"}],"wp:attachment":[{"href":"https:\/\/tejidohistorico.afrodescendientes.com\/index.php\/wp-json\/wp\/v2\/media?parent=3864"}],"wp:term":[{"taxonomy":"category","embeddable":true,"href":"https:\/\/tejidohistorico.afrodescendientes.com\/index.php\/wp-json\/wp\/v2\/categories?post=3864"},{"taxonomy":"post_tag","embeddable":true,"href":"https:\/\/tejidohistorico.afrodescendientes.com\/index.php\/wp-json\/wp\/v2\/tags?post=3864"}],"curies":[{"name":"wp","href":"https:\/\/api.w.org\/{rel}","templated":true}]}}