{"id":3872,"date":"2012-05-19T15:26:15","date_gmt":"2012-05-19T15:26:15","guid":{"rendered":"http:\/\/www2.nasaacin.org\/index.php\/2012\/05\/19\/asesinaron-al-personero-de-caloto-y-quisieron-simular-un-suicidio\/"},"modified":"2012-05-19T15:26:15","modified_gmt":"2012-05-19T15:26:15","slug":"asesinaron-al-personero-de-caloto-y-quisieron-simular-un-suicidio","status":"publish","type":"post","link":"https:\/\/tejidohistorico.afrodescendientes.com\/index.php\/2012\/05\/19\/asesinaron-al-personero-de-caloto-y-quisieron-simular-un-suicidio\/","title":{"rendered":"Asesinaron al personero de Caloto y quisieron simular un suicidio"},"content":{"rendered":"<div> \tJuan Manuel Jaramillo, quien estaba al frente del ente de control de ese municipio de Cauca, denunci\u00f3 los hechos de corrupci\u00f3n de la pasada administraci\u00f3n local hasta el d\u00eda del crimen. Con \u00e9l, son cinco los personeros muertos en el pa\u00eds en los \u00faltimos tres a\u00f1os.<\/div>\n<p>  <!--more-->  <\/p>\n<div> \tEl pasado domingo, d\u00eda de la madre, el personero de Caloto, Juan Manuel Jaramillo, se encontraba en su casa y se dispon\u00eda a visitar a su progenitora a la hora del almuerzo. Pero minutos antes de ponerse en marcha, una persona -se sospecha que muy cercana a Jaramillo- entr\u00f3 a su casa, subi\u00f3 con \u00e9l al segundo piso y una vez all\u00ed lo mat\u00f3 de un disparo en la cabeza, con un arma propiedad del funcionario y accionada a un metro de distancia.<\/div>\n<div> \t\u00a0<\/div>\n<div> \tEl asesino dej\u00f3 en el lugar de los hechos el arma al lado del cad\u00e1ver con la intenci\u00f3n de simular un suicidio. Minutos despu\u00e9s, el cuerpo de Jaramillo fue hallado por su hijo de 16 a\u00f1os.<\/div>\n<div> \t\u00a0<\/div>\n<div> \tEsta es la reconstrucci\u00f3n de los hechos elaborada por Medicina Legal de Santander de Quilichao y que pudo conocer SEMANA. En el informe se determin\u00f3 que &#8220;Manuel Jaramillo Paque, fue asesinado y no se trat\u00f3 de un suicidio como se quiso aparentar. Los autores de este crimen, despu\u00e9s de cometer el homicidio, dejaron el arma en medio de sus piernas para tratar de hacer creer que el funcionario se hab\u00eda quitado la vida&#8221;.\u00a0<\/div>\n<div> \t\u00a0<\/div>\n<div> \tJaramillo, de 41 a\u00f1os, se encontraba en su segundo periodo como personero. Allegados al funcionario dijeron que \u00e9l se hab\u00eda convertido en una piedra en el zapato para algunos sectores de Caloto por las constantes denuncias de hechos de corrupci\u00f3n que azotan al municipio.<\/div>\n<div> \t\u00a0<\/div>\n<div> \tA pesar de que el personero no hab\u00eda manifestado que hubiera amenazas en su contra, en los \u00faltimos meses familiares y amigos lo hab\u00edan notado deprimido. &#8220;La Procuradur\u00eda le hac\u00eda visitas cada ocho d\u00edas y le dec\u00eda que le iban a abrir investigaciones en su contra. Esta era una forma de hacerlo desistir de sus denuncias contra la corrupci\u00f3n&#8221;, dijo una persona muy cercana a Jaramillo.\u00a0<\/div>\n<div> \t\u00a0<\/div>\n<div> \tA pesar de la llegada de Jorge Arias, el nuevo alcalde del municipio, quien desde un principio se opuso a los corruptos y que ha sido blanco de amenazas, sus habitantes denuncian la presencia de &#8220;fuerzas oscuras&#8221;. Seg\u00fan datos de la nueva administraci\u00f3n, se calcula que durante el 2011 se vieron desplazadas forzosamente 1.430 personas y en el 2012, m\u00e1s de 400 ind\u00edgenas han tenido que abandonar sus veredas.<\/div>\n<div> \t\u00a0<\/div>\n<div> \tCinco personeros asesinados en los \u00faltimos tres a\u00f1os<\/div>\n<div> \t\u00a0<\/div>\n<div> \tSeg\u00fan la Federaci\u00f3n Nacional de Personeros, en los \u00faltimos tres a\u00f1os m\u00e1s del 10% de los personeros del pa\u00eds se encuentran en situaci\u00f3n de amenaza y han sido asesinados los personeros de Aguadas, (Caldas), Buesaco (Nari\u00f1o), Segovia (Antioquia). Tambi\u00e9n fue desaparecido el personero de El \u00c1guila, (Valle).<\/div>\n<div> \t\u00a0<\/div>\n<div> \tEl presidente de la Federaci\u00f3n y personero de Valledupar, Alfonso Campo Mart\u00ednez, expres\u00f3 un contundente llamado, &#8220;para que los entes competentes eval\u00faen las condiciones, medidas y garant\u00edas con las que cuentan los defensores de derechos humanos en el pa\u00eds a fin de establecer un panorama que permita tomar las acciones necesarias que impidan que hechos tan lamentables como este, no se sigan repitiendo en el pa\u00eds&#8221;.<\/div>\n<div> \t\u00a0<\/div>\n<div> \tCampo Mart\u00ednez enfatiz\u00f3 que es necesario &#8220;ejercer la promoci\u00f3n y defensa de los derechos humanos en nuestro pa\u00eds se ha convertido en un riesgo que solo pocos, convencidos de la posibilidad de una paz y una reconciliaci\u00f3n cercana, nos atrevemos a ejercer sin dudar un solo momento&#8221;.\u00a0<\/div>\n<div> \t\u00a0<\/div>\n<div> \tAl respecto, la Federaci\u00f3n espera que desde el Gobierno se ponga en evidencia el riesgo inminente de este ejercicio y la importancia del personero dentro de las administraciones locales, a fin de que la misma comunidad se concientice de su rol como defensores de los m\u00e1s vulnerables.<\/div>\n<div> \tSemana.com<\/div>\n<p> \t\u00a0<\/p>\n","protected":false},"excerpt":{"rendered":"<p>Juan Manuel Jaramillo, quien estaba al frente del ente de control de ese municipio de Cauca, denunci\u00f3 los hechos de corrupci\u00f3n de la pasada administraci\u00f3n local hasta el d\u00eda del crimen. Con [&hellip;]<\/p>\n","protected":false},"author":1,"featured_media":0,"comment_status":"open","ping_status":"open","sticky":false,"template":"","format":"standard","meta":[],"categories":[75],"tags":[],"_links":{"self":[{"href":"https:\/\/tejidohistorico.afrodescendientes.com\/index.php\/wp-json\/wp\/v2\/posts\/3872"}],"collection":[{"href":"https:\/\/tejidohistorico.afrodescendientes.com\/index.php\/wp-json\/wp\/v2\/posts"}],"about":[{"href":"https:\/\/tejidohistorico.afrodescendientes.com\/index.php\/wp-json\/wp\/v2\/types\/post"}],"author":[{"embeddable":true,"href":"https:\/\/tejidohistorico.afrodescendientes.com\/index.php\/wp-json\/wp\/v2\/users\/1"}],"replies":[{"embeddable":true,"href":"https:\/\/tejidohistorico.afrodescendientes.com\/index.php\/wp-json\/wp\/v2\/comments?post=3872"}],"version-history":[{"count":0,"href":"https:\/\/tejidohistorico.afrodescendientes.com\/index.php\/wp-json\/wp\/v2\/posts\/3872\/revisions"}],"wp:attachment":[{"href":"https:\/\/tejidohistorico.afrodescendientes.com\/index.php\/wp-json\/wp\/v2\/media?parent=3872"}],"wp:term":[{"taxonomy":"category","embeddable":true,"href":"https:\/\/tejidohistorico.afrodescendientes.com\/index.php\/wp-json\/wp\/v2\/categories?post=3872"},{"taxonomy":"post_tag","embeddable":true,"href":"https:\/\/tejidohistorico.afrodescendientes.com\/index.php\/wp-json\/wp\/v2\/tags?post=3872"}],"curies":[{"name":"wp","href":"https:\/\/api.w.org\/{rel}","templated":true}]}}