{"id":3873,"date":"2012-05-19T15:43:08","date_gmt":"2012-05-19T15:43:08","guid":{"rendered":"http:\/\/www2.nasaacin.org\/index.php\/2012\/05\/19\/la-violencia-sexual-en-el-marco-del-conflicto-no-es-algo-inevitable-es-y-debe-ser-evitable\/"},"modified":"2012-05-19T15:43:08","modified_gmt":"2012-05-19T15:43:08","slug":"la-violencia-sexual-en-el-marco-del-conflicto-no-es-algo-inevitable-es-y-debe-ser-evitable","status":"publish","type":"post","link":"https:\/\/tejidohistorico.afrodescendientes.com\/index.php\/2012\/05\/19\/la-violencia-sexual-en-el-marco-del-conflicto-no-es-algo-inevitable-es-y-debe-ser-evitable\/","title":{"rendered":"\u201cLa violencia sexual en el marco del conflicto no es algo inevitable, es y debe ser evitable\u201d"},"content":{"rendered":"<div> \tAs\u00ed lo afirm\u00f3 la Representante de la ONU sobre violencia sexual en los conflictos armados, Margot Wallstrom, durante su reuni\u00f3n con organizaciones sociales y de mujeres.<\/div>\n<p>  <!--more-->  <\/p>\n<div> \tCon el fin de verificar la situaci\u00f3n de violencia sexual que miles de mujeres enfrentan especialmente en zonas donde persiste el conflicto armado, desde ayer y hasta el pr\u00f3ximo s\u00e1bado, la Representante Especial del Secretariado de las Naciones Unidas sobre Violencia Sexual en los conflictos armados, Margot Wallstrom, inici\u00f3 una visita oficial al pa\u00eds para constatar a trav\u00e9s del testimonio de las v\u00edctimas y organizaciones de la Sociedad civil esta realidad y verificar la respuesta institucional del Estado Colombiano a este fen\u00f3meno.<\/div>\n<div> \t\u00a0<\/div>\n<div> \tAyer en horas de la tarde la Representante tuvo su primer encuentro con redes y organizaciones de mujeres, defensoras y defensores de derechos humanos quienes expresaron su preocupaci\u00f3n ante la persistencia de las violaciones contra las mujeres en el marco del conflicto, as\u00ed como el aumento de amenazas y hostigamientos contra defensoras de derechos humanos, l\u00edderes de organizaciones y poblaci\u00f3n desplazada. A la fecha 92 mujeres y doce organizaciones de mujeres se encuentran amenazadas, as\u00ed lo afirmaron las organizaciones de mujeres y de derechos humanos que impulsan esta visita.<\/div>\n<div> \t\u00a0<\/div>\n<div> \tA esto se suma el incremento de la violencia sexual en zonas de extracci\u00f3n minera que alcanza, seg\u00fan la vocera de la Organizaci\u00f3n Nacional Ind\u00edgena de Colombia (Onic), 8000 t\u00edtulos mineros, y que propician otro tipo de situaciones como mayor militarizaci\u00f3n; aumento de la prostituci\u00f3n forzada y explotaci\u00f3n sexual; enfermedades de transmisi\u00f3n sexual y la generaci\u00f3n de m\u00faltiples formas de violencia sexual, &ldquo;\u00e9sta \u00faltima sin que se reciba la atenci\u00f3n adecuada&rdquo;, afirm\u00f3 la Onic.<\/div>\n<div> \t\u00a0<\/div>\n<div> \tFrente a esta situaci\u00f3n, el conjunto de organizaciones participantes solicit\u00f3 que en el di\u00e1logo con el gobierno se reafirme el compromiso de no impulsar ni avalar ninguna propuesta de modificaci\u00f3n legal o constitucional, que d\u00e9 lugar a un marco de impunidad por delitos de violencia sexual, as\u00ed como la adaptaci\u00f3n de los programas de protecci\u00f3n para las mujeres v\u00edctimas y la implementaci\u00f3n de una pol\u00edtica p\u00fablica de acceso a la justicia, entre otras recomendaciones.<\/div>\n<div> \t\u00a0<\/div>\n<div> \tDurante el di\u00e1logo, la Representante Especial expres\u00f3 la dificultad de comprender la situaci\u00f3n de las mujeres en un pa\u00eds con tantos a\u00f1os en conflicto, y se\u00f1al\u00f3 la necesidad de que la violencia sexual contra las mujeres sea tratada como un crimen de guerra, que puede constituirse en un delito de lesa humanidad; puesto que a consideraci\u00f3n de las organizaciones participantes, esta forma de violencia sigue siendo tratada como un delito com\u00fan, con enormes dificultades para su visibilizaci\u00f3n y judicializaci\u00f3n.<\/div>\n<div> \t\u00a0<\/div>\n<div> \t&ldquo;La violencia sexual en el marco del conflicto no es algo inevitable, es y debe ser evitable&hellip; por eso, uno de los grandes retos que hay en el pa\u00eds es la superaci\u00f3n de la impunidad, el establecimiento de la responsabilidad pol\u00edtica frente a este crimen y la implementaci\u00f3n de la gran mayor\u00eda del medidas que hay en pie&hellip;&rdquo; puntualiz\u00f3 la Representante quien se comprometi\u00f3 a llevar el mensaje de las mujeres ante el Consejo de Seguridad de la ONU y mantener a Colombia como un pa\u00eds prioritario en sus reportes, ante la gravedad de la situaci\u00f3n.<\/div>\n<div> \t\u00a0<\/div>\n<div> \tDurante su estad\u00eda en Colombia la se\u00f1ora Wallstrom sostendr\u00e1 reuniones con instituciones y representantes del gobierno, as\u00ed como un espacio privado con las v\u00edctimas. Se espera que en el transcurso de su visita, se realice una rueda de prensa en la que se den a conocer conclusiones preliminares sobre la misma. Esta Rueda de Prensa est\u00e1 siendo coordinada por el \u00e1rea de prensa del Centro de Informaci\u00f3n de Naciones Unidas (Tel +57- 1- 2576044).<\/div>\n<div> \t\u00a0<\/div>\n<div> \t<strong>Mayor informaci\u00f3n contactar:<\/strong><\/div>\n<div> \t\u00a0<\/div>\n<div> \tCLARA ELENA CARDONA &ndash; Corporaci\u00f3n Casa de la Mujer. Celular: 310-861 24 70, 310- 666 12 93.<\/div>\n<div> \t\u00a0<\/div>\n<div> \tDIANA GUZMAN &ndash; Centro de Estudios de Derecho, Justicia y Sociedad. Celular: 300-564 52 94.<\/div>\n<div> \t\u00a0<\/div>\n<div> \tPATRICIA GUERRERO- Liga de Mujeres Desplazadas. Celular: 300- 810 11 23<\/div>\n<div> \t\u00a0<\/div>\n<div> \t<strong>FIRMAN LA PRESENTE COMUNICACI\u00d3N:<\/strong><\/div>\n<div> \t\u00a0<\/div>\n<div> \tAlianza Iniciativa de Mujeres Colombianas por la Paz, Campa\u00f1a Saquen mi Cuerpo de la Guerra, Asociaci\u00f3n Santa Rita para la Educaci\u00f3n Popular &ndash; FUNSAREP, Centro de Estudios de Derecho, Justicia y Sociedad DeJuSticia, Centro de Promoci\u00f3n y Cultura CPC &ndash; Fasol, Colectivo de Abogados Jos\u00e9 Alvear Restrepo, Colectivo Mujeres al Derecho, Comisi\u00f3n Colombiana de Juristas, Comit\u00e9 de Am\u00e9rica Latina y el Caribe para la Defensa de los Derechos de la Mujer &ndash;CLADEM, Corporaci\u00f3n Casa de la Mujer, Corporaci\u00f3n Humanas, Corporaci\u00f3n Jur\u00eddica Humanidad Vigente, Corporaci\u00f3n Sisma Mujer, Liga de Mujeres Desplazadas, La Liga Internacional de Mujeres por la Paz y la Libertad &#8211; Limpal Colombia, Mesa de Mujer y Conflicto Armado, Mujeres y Madres Abriendo Caminos, Observatorio de G\u00e9nero, Democracia y Derechos Humanos, Red Nacional de Mujeres, Ruta Pacifica de las Mujeres<\/div>\n<div> \t\u00a0<\/div>\n<div> \t<span style=\"color: rgb(119, 119, 119); font-family: Arial, Helvetica, sans-serif; font-size: 13px; font-weight: bold; line-height: 15px; text-align: justify; \">por\u00a0<\/span><span class=\"vcard author\" style=\"margin: 0px; padding: 0px; border: 0px; outline: 0px; font-size: 13px; vertical-align: baseline; color: rgb(119, 119, 119); font-family: Arial, Helvetica, sans-serif; font-weight: bold; line-height: 15px; text-align: justify; \"><a class=\"url fn spip_in\" href=\"http:\/\/www.colectivodeabogados.org\/Organizaciones-Sociales,1054\" style=\"margin: 0px; padding: 0px; border: 0px; outline: 0px; vertical-align: baseline; background-color: transparent; text-decoration: none; color: rgb(78, 94, 31); \">Organizaciones Sociales<\/a><\/span><\/div>\n<p> \t<a href=\"http:\/\/www.colectivodeabogados.org\/La-violencia-sexual-en-el-marco\">http:\/\/www.colectivodeabogados.org\/La-violencia-sexual-en-el-marco<\/a><\/p>\n","protected":false},"excerpt":{"rendered":"<p>As\u00ed lo afirm\u00f3 la Representante de la ONU sobre violencia sexual en los conflictos armados, Margot Wallstrom, durante su reuni\u00f3n con organizaciones sociales y de mujeres.<\/p>\n","protected":false},"author":1,"featured_media":0,"comment_status":"open","ping_status":"open","sticky":false,"template":"","format":"standard","meta":[],"categories":[75],"tags":[],"_links":{"self":[{"href":"https:\/\/tejidohistorico.afrodescendientes.com\/index.php\/wp-json\/wp\/v2\/posts\/3873"}],"collection":[{"href":"https:\/\/tejidohistorico.afrodescendientes.com\/index.php\/wp-json\/wp\/v2\/posts"}],"about":[{"href":"https:\/\/tejidohistorico.afrodescendientes.com\/index.php\/wp-json\/wp\/v2\/types\/post"}],"author":[{"embeddable":true,"href":"https:\/\/tejidohistorico.afrodescendientes.com\/index.php\/wp-json\/wp\/v2\/users\/1"}],"replies":[{"embeddable":true,"href":"https:\/\/tejidohistorico.afrodescendientes.com\/index.php\/wp-json\/wp\/v2\/comments?post=3873"}],"version-history":[{"count":0,"href":"https:\/\/tejidohistorico.afrodescendientes.com\/index.php\/wp-json\/wp\/v2\/posts\/3873\/revisions"}],"wp:attachment":[{"href":"https:\/\/tejidohistorico.afrodescendientes.com\/index.php\/wp-json\/wp\/v2\/media?parent=3873"}],"wp:term":[{"taxonomy":"category","embeddable":true,"href":"https:\/\/tejidohistorico.afrodescendientes.com\/index.php\/wp-json\/wp\/v2\/categories?post=3873"},{"taxonomy":"post_tag","embeddable":true,"href":"https:\/\/tejidohistorico.afrodescendientes.com\/index.php\/wp-json\/wp\/v2\/tags?post=3873"}],"curies":[{"name":"wp","href":"https:\/\/api.w.org\/{rel}","templated":true}]}}