{"id":3880,"date":"2012-05-21T17:41:47","date_gmt":"2012-05-21T17:41:47","guid":{"rendered":"http:\/\/www2.nasaacin.org\/index.php\/2012\/05\/21\/cauca-tramas-y-mingas-para-el-buen-vivir\/"},"modified":"2012-05-21T17:41:47","modified_gmt":"2012-05-21T17:41:47","slug":"cauca-tramas-y-mingas-para-el-buen-vivir","status":"publish","type":"post","link":"https:\/\/tejidohistorico.afrodescendientes.com\/index.php\/2012\/05\/21\/cauca-tramas-y-mingas-para-el-buen-vivir\/","title":{"rendered":"Cauca: Tramas y Mingas para el Buen Vivir"},"content":{"rendered":"<p> \tPara el Programa de maestr\u00eda en Estudios Interdisciplinarios\u00a0del Desarrollo, es importante y detereminante la promoci\u00f3n de encuentros dial\u00f3gicos e interculturales que movilicen reflexiones y procesos atentos tanto a las problem\u00e1ticas sociales como a las potencialidades y agenciamientos que han desplegado hist\u00f3ricamente las diferentes comunidades que habitan el sur global.<\/p>\n<p> \t\u00a0<\/p>\n","protected":false},"excerpt":{"rendered":"<p>Para el Programa de maestr\u00eda en Estudios Interdisciplinarios\u00a0del Desarrollo, es importante y detereminante la promoci\u00f3n de encuentros dial\u00f3gicos e interculturales que movilicen reflexiones y procesos atentos tanto a las problem\u00e1ticas sociales como [&hellip;]<\/p>\n","protected":false},"author":2,"featured_media":0,"comment_status":"open","ping_status":"open","sticky":false,"template":"","format":"standard","meta":[],"categories":[61],"tags":[],"_links":{"self":[{"href":"https:\/\/tejidohistorico.afrodescendientes.com\/index.php\/wp-json\/wp\/v2\/posts\/3880"}],"collection":[{"href":"https:\/\/tejidohistorico.afrodescendientes.com\/index.php\/wp-json\/wp\/v2\/posts"}],"about":[{"href":"https:\/\/tejidohistorico.afrodescendientes.com\/index.php\/wp-json\/wp\/v2\/types\/post"}],"author":[{"embeddable":true,"href":"https:\/\/tejidohistorico.afrodescendientes.com\/index.php\/wp-json\/wp\/v2\/users\/2"}],"replies":[{"embeddable":true,"href":"https:\/\/tejidohistorico.afrodescendientes.com\/index.php\/wp-json\/wp\/v2\/comments?post=3880"}],"version-history":[{"count":0,"href":"https:\/\/tejidohistorico.afrodescendientes.com\/index.php\/wp-json\/wp\/v2\/posts\/3880\/revisions"}],"wp:attachment":[{"href":"https:\/\/tejidohistorico.afrodescendientes.com\/index.php\/wp-json\/wp\/v2\/media?parent=3880"}],"wp:term":[{"taxonomy":"category","embeddable":true,"href":"https:\/\/tejidohistorico.afrodescendientes.com\/index.php\/wp-json\/wp\/v2\/categories?post=3880"},{"taxonomy":"post_tag","embeddable":true,"href":"https:\/\/tejidohistorico.afrodescendientes.com\/index.php\/wp-json\/wp\/v2\/tags?post=3880"}],"curies":[{"name":"wp","href":"https:\/\/api.w.org\/{rel}","templated":true}]}}