{"id":3900,"date":"2012-05-28T14:21:03","date_gmt":"2012-05-28T14:21:03","guid":{"rendered":"http:\/\/www2.nasaacin.org\/index.php\/2012\/05\/28\/comunidad-atrapada-en-medio-del-conflicto-armado\/"},"modified":"2012-05-28T14:21:03","modified_gmt":"2012-05-28T14:21:03","slug":"comunidad-atrapada-en-medio-del-conflicto-armado","status":"publish","type":"post","link":"https:\/\/tejidohistorico.afrodescendientes.com\/index.php\/2012\/05\/28\/comunidad-atrapada-en-medio-del-conflicto-armado\/","title":{"rendered":"Comunidad atrapada  en medio del conflicto armado"},"content":{"rendered":"<div> \tCabildo y comunidades ind\u00edgenas de la Cilia la Calera miranda Cauca, atrapadas en medio del conflicto armado, bajo amenazas son obligadas a abandonar el territorio por parte de guerrilleros pertenecientes a la columna m\u00f3vil Gabriel Galvis, y miembros del ej\u00e9rcito nacional pertenecientes a la brigada m\u00f3vil n\u00b0 28 con sede en la ciudad de Popay\u00e1n Cauca.<\/div>\n<p>  <!--more-->  <\/p>\n<div> \t\u00a0<\/div>\n<div> \tSantander de Quilichao Cauca, mayo 25 del 2012.<\/div>\n<div> \t\u00a0<\/div>\n<div> \tLas autoridades tradicionales y las comunidades agrupadas en la ASOCIACION DE CABILDOS INDIGENAS DEL NORTE DEL CAUCA, ACIN &ndash; CXHAB WALA KIWE, manifestamos una vez mas nuestra alta preocupaci\u00f3n debido al incremento, desarrollo y degradaci\u00f3n del conflicto armado, el cual viene azotando de manera constante a las poblaciones rurales y urbanas que habitan los municipios de Miranda, Corinto, Toribio, Caloto, Caldono, Santander de Quilichao, Suarez y Buenos Aires en el departamento del Cauca.<\/div>\n<div> \t\u00a0<\/div>\n<div> \tMientras el gobierno nacional en cabeza del Presidente Juan Manuel Santos, anuncia la terminaci\u00f3n de la guerra y la construcci\u00f3n de la paz &ldquo;a cualquier precio&rdquo;, seguida de sendas declaraciones publicas de los comandantes de las Farc y del ELN en la misma direcci\u00f3n, en los territorios ind\u00edgenas, campesinos y afrocolombianos del norte del Cauca, contradiciendo dichos discursos; crece la pobreza, se incrementan las confrontaciones armadas, las amenazas, los asesinatos, el desplazamiento interno, el reclutamiento, los se\u00f1alamientos y toda clase de atropellos.\u00a0<\/div>\n<div> \t\u00a0<\/div>\n<div> \tEn el municipio de Miranda, las autoridades y comunidades ind\u00edgenas, manifiestan con temor que &ldquo;la guerra se tomo los territorios y la vida de las comunidades&rdquo; ya que se volvi\u00f3 una constante ver la circulaci\u00f3n cada vez mas numerosa de soldados, tanquetas, carros blindados y el espantoso sobre vuelo de aviones de guerra, as\u00ed como el movimiento creciente de grandes grupos guerrilleros, quienes de manera estrat\u00e9gica toman posiciones y despliegan efectivos fuertemente armados a las monta\u00f1osas, cerca a las viviendas y en los diferentes caminos por donde transita la gente. \u00a0 \u00a0 \u00a0 \u00a0\u00a0<\/div>\n<div> \t\u00a0<\/div>\n<div> \t<strong>Hechos.<\/strong><\/div>\n<div> \t\u00a0<\/div>\n<div> \tDesde el d\u00eda 12 de mayo del a\u00f1o 2012 se presentan fuertes enfrentamientos armados entre miembros del ej\u00e9rcito nacional y la guerrilla de las Farc en inmediaciones de la vereda el Horno \u00a0y Monte Redondo jurisdicci\u00f3n del resguardo ind\u00edgena de la Cilia la Calera Miranda Cauca. Situaci\u00f3n que provoco el desalojo de 35 familias quienes se resguardaron en el Sitio de Asamblea Permanente de la vereda la Palma.<\/div>\n<div> \t\u00a0<\/div>\n<div> \tEl d\u00eda 16 de mayo \u00a0del a\u00f1o 2012 en horas de la tarde mientras se atend\u00eda la emergencia por parte de personal humanitario de la ACIN, sujetos desconocidos y fuertemente armados, en la vereda la Uni\u00f3n, asesinaron al l\u00edder comunitario JULIO DAGUA CORPUS quien al momento de su muerte fung\u00eda como presidente de la Asociaci\u00f3n de damnificados de Monte Redondo.\u00a0<\/div>\n<div> \t\u00a0<\/div>\n<div> \tResultado de los constantes bombardeos a\u00e9reos y las pipetas lanzadas por la guerrilla de las Farc, aproximadamente 300 Campesinos que habitan la parte alta de Miranda, se desplazaron hasta el \u00e1rea urbana de la cabecera municipal de esta localidad.<\/div>\n<div> \t\u00a0<\/div>\n<div> \tEl d\u00eda 24 de mayo del a\u00f1o 2012, sujetos fuertemente armados, quienes se identificaron como miembros de la guerrilla de las Farc &ndash; columna m\u00f3vil Gabriel Galvis, abordaron al gobernador ind\u00edgena del Cabildo la Cilia la Calera Miranda y la Comisi\u00f3n que recorr\u00eda el territorio, y le manifestaron en tono amenazante que desalojara a todos los habitantes de las veredas de El Horno, Monte Redondo y aleda\u00f1as porque iban a combatir en la regi\u00f3n y no se hac\u00edan responsable (como si lo hicieran) de lo que les pudiera suceder a la gente. Que si no lo hacia lo mas seguro es que resultara gente muerta.\u00a0<\/div>\n<div> \t\u00a0<\/div>\n<div> \tEl d\u00eda 25 de mayo del a\u00f1o 2012, siendo aproximadamente las 5:00 p.m. terminada la asamblea comunitaria en la sede del Cabildo, ubicada en la vereda el Cabildo, se intensificaron los combates y el lanzamiento de pipetas sin importar que estos cayeran cerca a las viviendas y en medio de la poblaci\u00f3n civil.<\/div>\n<div> \t\u00a0<\/div>\n<div> \t<strong>Contexto.<\/strong><\/div>\n<div> \t\u00a0<\/div>\n<div> \tEn el norte del Cauca, en la actualidad, dise\u00f1ado por el Comando Sur de los Estados Unidos, se viene adelantando el Plan Nacional de Consolidaci\u00f3n Territorial (PNCT), estrategia gubernamental que combina intervenciones militares y civiles con el objetivo de ponerle fin al conflicto armado, el narcotr\u00e1fico y disminuir el consumo de drogas en Colombia, pol\u00edtica que si bien ha sido efectivo en otras regiones del pa\u00eds, en el norte del Cauca, debido a factores de alta pobreza, abandono institucional, militarizaci\u00f3n, y guerra generalizada, lo que ha hecho es acrecentar el conflicto armado, pues una estrategia de tipo social que combina acciones militares y civiles en un contexto de guerra, pobreza y confrontaciones armadas, el objetivo social pasa a un segundo plano, convirtiendo la estrategia gubernamental, en una simple pol\u00edtica de intervenci\u00f3n y ocupaci\u00f3n militar.\u00a0<\/div>\n<div> \t\u00a0<\/div>\n<div> \tDebido a la grave situaci\u00f3n humanitaria, resultado de las constantes agresiones armadas por parte de los actores en guerra, el Cabildo de la Cilia la Calera Miranda Cauca, junto al las 19 autoridades ind\u00edgenas de la zona, la Consejer\u00eda Mayor de la ACIN y las comunidades, nos DECLARAMOS EN ASAMBLEA PERMANENTE hasta tanto los bandos en guerra se retiren de manera voluntaria del territorio ocupado militarmente.\u00a0<\/div>\n<div> \t\u00a0<\/div>\n<div> \t<strong>Solicitudes:<\/strong><\/div>\n<div> \t\u00a0<\/div>\n<div> \t1.<span class=\"Apple-tab-span\" style=\"white-space:pre\"> <\/span>Solicitamos a la comandancia de la Fuerza de Tarea Apolo con sede en la ciudad de Popay\u00e1n, \u00a0retirar del \u00e1rea poblada de Monte Redondo a todos los efectivos militares y la estructura b\u00e9lica acantonada en medio de la poblaci\u00f3n civil, viviendas y caminos. De la misma forma solicitamos que la fuerza p\u00fablica se abstenga de realizar operativos militares que coloque en riesgo la integridad f\u00edsica de las comunidades. \u00a0\u00a0<\/div>\n<div> \t\u00a0<\/div>\n<div> \t2.<span class=\"Apple-tab-span\" style=\"white-space:pre\"> <\/span>Solicitamos a los comandantes de la columna m\u00f3vil Gabriel Galvis de las Farc, detener el lanzamiento de pipetas, tatucos, granadas y r\u00e1fagas de fusil contra el \u00e1rea poblada de Monte Redondo y sitios poblados de la regi\u00f3n. De igual forma, solicitamos a la guerrilla de las Farc frenar las constantes amenazas contra las autoridades ind\u00edgenas, comuneros y comuneras, dado que cualquier acci\u00f3n militar que ponga en riesgo la integridad f\u00edsica y sicol\u00f3gica de la poblaci\u00f3n civil, constituye una clara infracci\u00f3n a los DD.HH y al DIH. \u00a0 \u00a0<\/div>\n<div> \t\u00a0<\/div>\n<div> \t3.<span class=\"Apple-tab-span\" style=\"white-space:pre\"> <\/span>Solicitamos a los diferentes Organismos de Control del Estado, Naciones Unidas, Organismos defensores de los derechos humanos, realizar un acompa\u00f1amiento inmediato a las comunidades atrapadas en medio del conflicto armado, ubicadas en las veredas de El Horno y Monte Redondo jurisdicci\u00f3n del Cabildo la Cilia la Calera municipio de Miranda Cauca.<\/div>\n<div> \t\u00a0<\/div>\n<div> \t4.<span class=\"Apple-tab-span\" style=\"white-space:pre\"> <\/span>Solicitamos que el gobierno nacional y la guerrilla de las Farc, garanticen la libre movilidad de las comunidades ind\u00edgenas del norte del Cauca en cabeza de la Guardia Ind\u00edgena que a partir del d\u00eda lunes, 28 e3 mayo, emprender\u00e1n una gran Minga de recorrido territorial en el resguardo de la Cilia la Calera, epicentro de las confrontaciones armadas.\u00a0<\/div>\n<div> \t\u00a0<\/div>\n<div> \t5.<span class=\"Apple-tab-span\" style=\"white-space:pre\"> <\/span>Solicitamos a las organizaciones sociales amigas, a solidarizarse y replicar esta acci\u00f3n urgente respecto de lo que esta ocurriendo en el norte del Cauca.<\/div>\n<div> \t\u00a0<\/div>\n<div> \t<strong>Dirigido a:<\/strong><\/div>\n<div> \t\u00a0<\/div>\n<div> \tJUAN MANUEL SANTOS CALDER\u00d3N<\/div>\n<div> \tPresidente de la Rep\u00fablica<\/div>\n<div> \tCarrera 8 No. 7 -26 Palacio de Nari\u00f1o Bogot\u00e1<\/div>\n<div> \tFax. 5662071<\/div>\n<div> \t\u00a0<\/div>\n<div> \tANGELINO GARZ\u00d3N<\/div>\n<div> \tVicepresidente de la Rep\u00fablica<\/div>\n<div> \tCarrera 8 No.7-57 Bogot\u00e1 D.C.<\/div>\n<div> \t\u00a0<\/div>\n<div> \tJUAN CARLOS PINZON<\/div>\n<div> \tMinistro de la Defensa<\/div>\n<div> \tAvenida El dorado con carrera 52 CAN Bogot\u00e1 D.C.<\/div>\n<div> \tsiden@mindefensa.gov.co<\/div>\n<div> \tinfprotocol@mindefensa.gov.co<\/div>\n<div> \tmdn@cable.net.co<\/div>\n<div> \t\u00a0<\/div>\n<div> \tFEDERICO RENGIFO<\/div>\n<div> \tMinistro del Interior y de Justicia<\/div>\n<div> \tAvenida El dorado con carrera 52 CAN Bogot\u00e1 D.C.<\/div>\n<div> \tFax. 2221874<\/div>\n<div> \tministro@minjusticia.gov.co<\/div>\n<div> \t\u00a0<\/div>\n<div> \tLUIS EDUARDO MOTEALEGRE<\/div>\n<div> \tFiscal General de la Naci\u00f3n<\/div>\n<div> \tDiagonal 22B No. 52-01 Bogot\u00e1 D.C.<\/div>\n<div> \tFax. 570 20 00<\/div>\n<div> \tcontacto@fiscalia.gov.co<\/div>\n<div> \tdenuncie@fiscalia.gov.co<\/div>\n<div> \t\u00a0<\/div>\n<div> \tWOLMAR ANTONIO PEREZ ORTIZ<\/div>\n<div> \tDefensor del Pueblo<\/div>\n<div> \tCalle 55 No. 10 &ndash; 32 Bogot\u00e1 D.C.<\/div>\n<div> \tFax. 640 04 91<\/div>\n<div> \tdefensoria@defensoria.org.co<\/div>\n<div> \tsecretaria_privada@hotmail.com<\/div>\n<div> \t\u00a0<\/div>\n<div> \tALEJANDRO ORD\u00d3\u00d1EZ<\/div>\n<div> \tProcurador General de la Naci\u00f3n<\/div>\n<div> \tCra. 5 No.15 &ndash; 80F Bogot\u00e1 D.C.<\/div>\n<div> \tanticorrupci\u00f3n@presidencia.gov.co<\/div>\n<div> \treygon@procuradur\u00eda.gov.co<\/div>\n<div> \t\u00a0<\/div>\n<div> \t<strong>AUTORIDADES INDIGENAS Y CONSEJERIA MAYOR DE LA ASOCIACION DE CABILDOS INDIGENAS DEL NORTE DEL CAUCA, ACIN &ndash; CXHAB WALA KIWE.<\/strong><\/div>\n","protected":false},"excerpt":{"rendered":"<p>Cabildo y comunidades ind\u00edgenas de la Cilia la Calera miranda Cauca, atrapadas en medio del conflicto armado, bajo amenazas son obligadas a abandonar el territorio por parte de guerrilleros pertenecientes a la [&hellip;]<\/p>\n","protected":false},"author":1,"featured_media":0,"comment_status":"open","ping_status":"open","sticky":false,"template":"","format":"standard","meta":[],"categories":[73],"tags":[],"_links":{"self":[{"href":"https:\/\/tejidohistorico.afrodescendientes.com\/index.php\/wp-json\/wp\/v2\/posts\/3900"}],"collection":[{"href":"https:\/\/tejidohistorico.afrodescendientes.com\/index.php\/wp-json\/wp\/v2\/posts"}],"about":[{"href":"https:\/\/tejidohistorico.afrodescendientes.com\/index.php\/wp-json\/wp\/v2\/types\/post"}],"author":[{"embeddable":true,"href":"https:\/\/tejidohistorico.afrodescendientes.com\/index.php\/wp-json\/wp\/v2\/users\/1"}],"replies":[{"embeddable":true,"href":"https:\/\/tejidohistorico.afrodescendientes.com\/index.php\/wp-json\/wp\/v2\/comments?post=3900"}],"version-history":[{"count":0,"href":"https:\/\/tejidohistorico.afrodescendientes.com\/index.php\/wp-json\/wp\/v2\/posts\/3900\/revisions"}],"wp:attachment":[{"href":"https:\/\/tejidohistorico.afrodescendientes.com\/index.php\/wp-json\/wp\/v2\/media?parent=3900"}],"wp:term":[{"taxonomy":"category","embeddable":true,"href":"https:\/\/tejidohistorico.afrodescendientes.com\/index.php\/wp-json\/wp\/v2\/categories?post=3900"},{"taxonomy":"post_tag","embeddable":true,"href":"https:\/\/tejidohistorico.afrodescendientes.com\/index.php\/wp-json\/wp\/v2\/tags?post=3900"}],"curies":[{"name":"wp","href":"https:\/\/api.w.org\/{rel}","templated":true}]}}