{"id":3929,"date":"2012-06-02T17:41:10","date_gmt":"2012-06-02T17:41:10","guid":{"rendered":"http:\/\/www2.nasaacin.org\/index.php\/2012\/06\/02\/choco-asesinada-hija-de-lider-reclamante-de-tierras\/"},"modified":"2012-06-02T17:41:10","modified_gmt":"2012-06-02T17:41:10","slug":"choco-asesinada-hija-de-lider-reclamante-de-tierras","status":"publish","type":"post","link":"https:\/\/tejidohistorico.afrodescendientes.com\/index.php\/2012\/06\/02\/choco-asesinada-hija-de-lider-reclamante-de-tierras\/","title":{"rendered":"Choc\u00f3: Asesinada hija de lider reclamante de tierras"},"content":{"rendered":"<div> \tFanny Jhoana Truaquero G\u00f3mez en el casco urbano de Riosucio, Choc\u00f3, fue asesinada por paramilitares el mi\u00e9rcoles 23 de mayo.<\/div>\n<p>  <!--more-->  <\/p>\n<div> \t\u00a0<\/div>\n<div> \tHacia las 7:00 p.m. de ese mi\u00e9rcoles, al lugar en donde se encontraba Fanny Jhoana, de 21 a\u00f1os de edad, ingresaron dos paramilitares quienes le dispararon en repetidas ocasiones. Por los impactos de arma de fuego Fanny muri\u00f3.<\/div>\n<div> \t\u00a0<\/div>\n<div> \tEl domingo 20 de mayo, tres d\u00edas antes del crimen, en hora de la ma\u00f1ana, los paramilitares llegaron hasta la comunidad de El Cerrao, en la cuenca del Curvarad\u00f3, a la casa de su padre Rafael Truaquero, buscando a integrantes de su familia.<\/div>\n<div> \t\u00a0<\/div>\n<div> \tEl s\u00e1bado 26 fue sepultada Fanny en Apartad\u00f3.<\/div>\n<div> \t\u00a0<\/div>\n<div> \tPerpetrado el crimen, los paramilitares llegaron a Bajir\u00e1 hacia las 10:30 p.m., y comentaron: &ldquo;matamos a la morocha&rdquo;, como le dec\u00edan a Fanny. Esa misma noche Rafael recibi\u00f3 una llamada telef\u00f3nica en la que fue informado de la muerte de su hija.<\/div>\n<div> \t\u00a0<\/div>\n<div> \tRafael, padre de Fanny Jhoana, es el delegado por la comunidad del Cerrao para el censo y caracterizaci\u00f3n dentro del proceso de restituci\u00f3n de tierras del Curvarad\u00f3 y Jiguamiand\u00f3, ordenado por la Corte Constitucional.<\/div>\n<div> \t\u00a0<\/div>\n<div> \tEn marzo pasado en el territorio colectivo de El Cerrao, Curvarad\u00f3 familiares de l\u00edderes de la restituci\u00f3n de tierras escucharon que paramilitares manifestaron &#8220;a esos hijueputas les vamos a dar por donde mas les duele&#8221;.<\/div>\n<div> \t\u00a0<\/div>\n<div> \tAl lado del asesinato de Fanny Jhoana efectuado por estructuras paramilitares en Riosucio se desarrolla una estrategia medi\u00e1tica de difamaci\u00f3n contra su imagen e integridad personal, con acusaciones de que su asesinato ocurri\u00f3 por ser trabajadora sexual.<\/div>\n<div> \t\u00a0<\/div>\n<div> \tEn el municipio de Riosucio hay permanente presencia de la Brigada 17 y de la Polic\u00eda de Urab\u00e1.<\/div>\n<div> \t\u00a0<\/div>\n<div> \tBogot\u00e1, D.C. Mayo 30 de 2012<\/div>\n<div> \t\u00a0<\/div>\n<div> \t<strong>Comisi\u00f3n Intereclesial de Justicia y Paz<\/strong><\/div>\n<div> \t\u00a0<\/div>\n<div> \t<a href=\"http:\/\/justiciaypazcolombia.com\/Asesinada-hija-de-reclamante-de\">http:\/\/justiciaypazcolombia.com\/Asesinada-hija-de-reclamante-de<\/a><\/div>\n","protected":false},"excerpt":{"rendered":"<p>Fanny Jhoana Truaquero G\u00f3mez en el casco urbano de Riosucio, Choc\u00f3, fue asesinada por paramilitares el mi\u00e9rcoles 23 de mayo.<\/p>\n","protected":false},"author":2,"featured_media":0,"comment_status":"open","ping_status":"open","sticky":false,"template":"","format":"standard","meta":[],"categories":[75],"tags":[],"_links":{"self":[{"href":"https:\/\/tejidohistorico.afrodescendientes.com\/index.php\/wp-json\/wp\/v2\/posts\/3929"}],"collection":[{"href":"https:\/\/tejidohistorico.afrodescendientes.com\/index.php\/wp-json\/wp\/v2\/posts"}],"about":[{"href":"https:\/\/tejidohistorico.afrodescendientes.com\/index.php\/wp-json\/wp\/v2\/types\/post"}],"author":[{"embeddable":true,"href":"https:\/\/tejidohistorico.afrodescendientes.com\/index.php\/wp-json\/wp\/v2\/users\/2"}],"replies":[{"embeddable":true,"href":"https:\/\/tejidohistorico.afrodescendientes.com\/index.php\/wp-json\/wp\/v2\/comments?post=3929"}],"version-history":[{"count":0,"href":"https:\/\/tejidohistorico.afrodescendientes.com\/index.php\/wp-json\/wp\/v2\/posts\/3929\/revisions"}],"wp:attachment":[{"href":"https:\/\/tejidohistorico.afrodescendientes.com\/index.php\/wp-json\/wp\/v2\/media?parent=3929"}],"wp:term":[{"taxonomy":"category","embeddable":true,"href":"https:\/\/tejidohistorico.afrodescendientes.com\/index.php\/wp-json\/wp\/v2\/categories?post=3929"},{"taxonomy":"post_tag","embeddable":true,"href":"https:\/\/tejidohistorico.afrodescendientes.com\/index.php\/wp-json\/wp\/v2\/tags?post=3929"}],"curies":[{"name":"wp","href":"https:\/\/api.w.org\/{rel}","templated":true}]}}