{"id":3933,"date":"2012-06-02T19:11:34","date_gmt":"2012-06-02T19:11:34","guid":{"rendered":"http:\/\/www2.nasaacin.org\/index.php\/2012\/06\/02\/peru-ipor-que-la-universidad-nacional-de-cajamarca-no-quiere-el-proyecto-conga\/"},"modified":"2012-06-02T19:11:34","modified_gmt":"2012-06-02T19:11:34","slug":"peru-ipor-que-la-universidad-nacional-de-cajamarca-no-quiere-el-proyecto-conga","status":"publish","type":"post","link":"https:\/\/tejidohistorico.afrodescendientes.com\/index.php\/2012\/06\/02\/peru-ipor-que-la-universidad-nacional-de-cajamarca-no-quiere-el-proyecto-conga\/","title":{"rendered":"Per\u00fa: \u00bfPor qu\u00e9 la Universidad Nacional de Cajamarca no quiere el proyecto Conga?"},"content":{"rendered":"<p> \tLa miner\u00eda se ha convertido en fuente generadora de recursos econ\u00f3micos para el Per\u00fa, coloc\u00e1ndonos en uno de los primeros exportadores de materia prima. Sin embargo, en 20 a\u00f1os de miner\u00eda, Cajamarca se ha sumido en la pobreza absoluta. Tenemos los m\u00e1s altos \u00edndices de desnutrici\u00f3n, analfabetismo y uno de los m\u00e1s bajos \u00edndices de desarrollo humano. Asimismo, la morbimortalidad materno infantil es elevada y hemos ca\u00eddo al pen\u00faltimo lugar en competitividad regional, de acuerdo con CENTRUM, de la Pontificia Universidad Cat\u00f3lica del Per\u00fa.<\/p>\n","protected":false},"excerpt":{"rendered":"<p>La miner\u00eda se ha convertido en fuente generadora de recursos econ\u00f3micos para el Per\u00fa, coloc\u00e1ndonos en uno de los primeros exportadores de materia prima. Sin embargo, en 20 a\u00f1os de miner\u00eda, Cajamarca [&hellip;]<\/p>\n","protected":false},"author":2,"featured_media":0,"comment_status":"open","ping_status":"open","sticky":false,"template":"","format":"standard","meta":[],"categories":[61],"tags":[],"_links":{"self":[{"href":"https:\/\/tejidohistorico.afrodescendientes.com\/index.php\/wp-json\/wp\/v2\/posts\/3933"}],"collection":[{"href":"https:\/\/tejidohistorico.afrodescendientes.com\/index.php\/wp-json\/wp\/v2\/posts"}],"about":[{"href":"https:\/\/tejidohistorico.afrodescendientes.com\/index.php\/wp-json\/wp\/v2\/types\/post"}],"author":[{"embeddable":true,"href":"https:\/\/tejidohistorico.afrodescendientes.com\/index.php\/wp-json\/wp\/v2\/users\/2"}],"replies":[{"embeddable":true,"href":"https:\/\/tejidohistorico.afrodescendientes.com\/index.php\/wp-json\/wp\/v2\/comments?post=3933"}],"version-history":[{"count":0,"href":"https:\/\/tejidohistorico.afrodescendientes.com\/index.php\/wp-json\/wp\/v2\/posts\/3933\/revisions"}],"wp:attachment":[{"href":"https:\/\/tejidohistorico.afrodescendientes.com\/index.php\/wp-json\/wp\/v2\/media?parent=3933"}],"wp:term":[{"taxonomy":"category","embeddable":true,"href":"https:\/\/tejidohistorico.afrodescendientes.com\/index.php\/wp-json\/wp\/v2\/categories?post=3933"},{"taxonomy":"post_tag","embeddable":true,"href":"https:\/\/tejidohistorico.afrodescendientes.com\/index.php\/wp-json\/wp\/v2\/tags?post=3933"}],"curies":[{"name":"wp","href":"https:\/\/api.w.org\/{rel}","templated":true}]}}