{"id":3934,"date":"2012-06-04T13:49:40","date_gmt":"2012-06-04T13:49:40","guid":{"rendered":"http:\/\/www2.nasaacin.org\/index.php\/2012\/06\/04\/el-confin\/"},"modified":"2012-06-04T13:49:40","modified_gmt":"2012-06-04T13:49:40","slug":"el-confin","status":"publish","type":"post","link":"https:\/\/tejidohistorico.afrodescendientes.com\/index.php\/2012\/06\/04\/el-confin\/","title":{"rendered":"El conf\u00edn"},"content":{"rendered":"<div> \tEntre las aguas que van al Orinoco y las que desembocan en el Amazonas hay un enorme territorio. Son aguas recogidas en las espaldas de la cordillera Oriental &mdash;el Guaviare&mdash;, o nacidas en moriches sabaneros &mdash;el Guain\u00eda&mdash;. Salvo algunas vegas y rebalses, no son tierras buenas, pero son bellas. Con eso basta.<\/div>\n<p>  <!--more-->  <\/p>\n<div> \t\u00a0<\/div>\n<div> \tO nos basta a muchos que nos gustan los paisajes para mirar y no para entrarles a saco. Esos territorios fueron en su tiempo reclamados por la corona de Portugal, porque el Tratado de Tordesillas, que fij\u00f3 l\u00edmites ente lusos y castellanos, no fue tan claro. Brasil quer\u00eda tener acceso al r\u00edo Casiquiare, que comunica las cuencas del Orinoco con las del Amazonas, y por eso Espa\u00f1a vigilaba celosamente las fronteras. El Casiquiare es un r\u00edo que dej\u00f3 azul a Humboldt al verlo correr en ambos sentidos. \u00a1Una maravilla! Despu\u00e9s de la Independencia las fronteras con Venezuela tampoco eran n\u00edtidas y la &ldquo;baliza&rdquo; era una l\u00ednea recta que nac\u00eda en el caj\u00f3n del Arauca y remataba en un punto llamado El Venado, por all\u00e1 en el Guain\u00eda. Jos\u00e9 Eustasio Rivera acompa\u00f1\u00f3 en los a\u00f1os 20 a la comisi\u00f3n que clarific\u00f3 los l\u00edmites e inflam\u00f3 la imaginaci\u00f3n del poeta. El pa\u00eds se anotici\u00f3 de la existencia de ese conf\u00edn con La vor\u00e1gine, que recogi\u00f3 las denuncias que escribieron Uribe Uribe en 1908, y Roger Casement en 1910, sobre la sangre que los caucheros hac\u00edan correr por esos r\u00edos. El territorio entre el Guaviare y el Guain\u00eda no fue cauchero propiamente, sino chiclero; se explotaba el juansoco, un l\u00e1tex de sabana que hizo famoso al cruel coronel Tom\u00e1s F\u00fanez. La esclavitud de los ind\u00edgenas &mdash;curripacos, puinaves, piapocos, sikuanis y cubeos&mdash; fue brutal. As\u00ed que cuando en los a\u00f1os 40 apareci\u00f3 Sophia M\u00fcller, una evangelizadora norteamericana que les ense\u00f1\u00f3 que todo lo ind\u00edgena era diab\u00f3lico, la misionera fue recibida como un dios. Su papel consisti\u00f3 en empujarlos hacia la civilizaci\u00f3n, es decir, a vestirse, a comer enlatados y leer una biblia, traducida por ella a sus lenguas. Sobrevivieron a duras penas. Medio esclavizados por las visiones del infierno los encontraron los guerrilleros de Guadalupe Salcedo, que establecieron una l\u00ednea de abastecimiento de ma\u00f1oco &mdash;yuca brava&mdash; y armas por las fronteras. Despu\u00e9s de la paz de Rojas Pinilla, en el 53, muchos se quedaron a vivir cultivando cacao silvestre o contrabandeando. All\u00e1 vivieron exguerrilleros liberales como Minuto Colmenares y Tom\u00e1s Zambrano. Fue la \u00e9poca del tigrilleo: pieles de tigre mariposo, perro de agua y caim\u00e1n negro se comercializaban en grandes cantidades. La selva ol\u00eda a mortecino. Sobre esta historia se cultiv\u00f3 la coca y cuando la coca bajaba de precio y los colonos se rebuscaban con el oro, la selva ol\u00eda a azogue. Se encontraron ricos yacimientos en Naqu\u00e9n y en Taraira. Cientos de mineros con draguetas, motores, dinamita, picos y palas entraron a esos cerros a rebuscarse, destroz\u00e1ndolos. Los garimpeiros &mdash;mineros brasile\u00f1os&mdash; se sumaron a la nueva bonanza con grandes m\u00e1quinas. El Gobierno colombiano no dijo ni p\u00edo. Dej\u00f3 que la mina corrida destrozara lo que encontrara a su paso. Y cuando entr\u00f3, sac\u00f3 a los mineros peque\u00f1os y concesion\u00f3 los territorios a grandes empresas mineras, una de las cuales, se dice, es de don V\u00edctor.<\/div>\n<div> \t\u00a0<\/div>\n<div> \tHoy la mitad de los departamentos del Guain\u00eda y Vaup\u00e9s est\u00e1n solicitados por grandes multinacionales. Han descubierto con el benepl\u00e1cito &mdash;y sin duda, informaci\u00f3n&mdash; del Gobierno colombiano que esa gran regi\u00f3n es una riqu\u00edsima mina de oro, bronce, cobre, uranio y colt\u00e1n. La codicia se ha disparado y no conoce l\u00edmites. Lo grave, lo verdaderamente grave, es que esa zona es casi toda de resguardos ind\u00edgenas, donde legalmente la miner\u00eda de cualquier tipo es posible y, por tanto, puede ser autorizada por el Gobierno. Son territorios de miner\u00eda ind\u00edgena donde las comunidades nativas pueden hacer sociedades de explotaci\u00f3n con las grandes multinacionales (los acuerdos ser\u00e1n como los que hizo cualquier Hern\u00e1n Cort\u00e9s con los Moctezumas). La locomotora arrasar\u00e1 con todo recurso minero de valor; dividir\u00e1 a muerte a las comunidades ind\u00edgenas; destrozar\u00e1 r\u00edos, humedales, morichales; exterminar\u00e1 tigres, dantas, g\u00fc\u00edos y tucanes, e impondr\u00e1 su poder pol\u00edtico y cultural: no quedar\u00e1 un cham\u00e1n que sepa del pasado. Nada de lo que hasta ahora sucedi\u00f3 en ese conf\u00edn &mdash;caucho, coca, biblia, ropa, sal, armas de fuego, mercurio, transferencias, regal\u00edas&mdash; ser\u00e1 comparable a la brutalidad civilizadora que desplegar\u00e1 la nueva infernal m\u00e1quina de exterminio. Quien no conoci\u00f3 la regi\u00f3n se quedar\u00e1 sin saber que existi\u00f3.<\/div>\n<div> \t\u00a0<\/div>\n<div> \t<strong>Alfredo Molano Bravo<\/strong><\/div>\n<div> \t<a href=\"http:\/\/www.elespectador.com\/opinion\/columna-350515-el-confin\">http:\/\/www.elespectador.com\/opinion\/columna-350515-el-confin<\/a><\/div>\n<p> \t\u00a0<\/p>\n","protected":false},"excerpt":{"rendered":"<p>Entre las aguas que van al Orinoco y las que desembocan en el Amazonas hay un enorme territorio. Son aguas recogidas en las espaldas de la cordillera Oriental &mdash;el Guaviare&mdash;, o nacidas [&hellip;]<\/p>\n","protected":false},"author":2,"featured_media":0,"comment_status":"open","ping_status":"open","sticky":false,"template":"","format":"standard","meta":[],"categories":[75],"tags":[],"_links":{"self":[{"href":"https:\/\/tejidohistorico.afrodescendientes.com\/index.php\/wp-json\/wp\/v2\/posts\/3934"}],"collection":[{"href":"https:\/\/tejidohistorico.afrodescendientes.com\/index.php\/wp-json\/wp\/v2\/posts"}],"about":[{"href":"https:\/\/tejidohistorico.afrodescendientes.com\/index.php\/wp-json\/wp\/v2\/types\/post"}],"author":[{"embeddable":true,"href":"https:\/\/tejidohistorico.afrodescendientes.com\/index.php\/wp-json\/wp\/v2\/users\/2"}],"replies":[{"embeddable":true,"href":"https:\/\/tejidohistorico.afrodescendientes.com\/index.php\/wp-json\/wp\/v2\/comments?post=3934"}],"version-history":[{"count":0,"href":"https:\/\/tejidohistorico.afrodescendientes.com\/index.php\/wp-json\/wp\/v2\/posts\/3934\/revisions"}],"wp:attachment":[{"href":"https:\/\/tejidohistorico.afrodescendientes.com\/index.php\/wp-json\/wp\/v2\/media?parent=3934"}],"wp:term":[{"taxonomy":"category","embeddable":true,"href":"https:\/\/tejidohistorico.afrodescendientes.com\/index.php\/wp-json\/wp\/v2\/categories?post=3934"},{"taxonomy":"post_tag","embeddable":true,"href":"https:\/\/tejidohistorico.afrodescendientes.com\/index.php\/wp-json\/wp\/v2\/tags?post=3934"}],"curies":[{"name":"wp","href":"https:\/\/api.w.org\/{rel}","templated":true}]}}