{"id":3941,"date":"2012-06-04T19:38:48","date_gmt":"2012-06-04T19:38:48","guid":{"rendered":"http:\/\/www2.nasaacin.org\/index.php\/2012\/06\/04\/por-el-derecho-a-la-vida-ni-una-rosa-mas\/"},"modified":"2012-06-04T19:38:48","modified_gmt":"2012-06-04T19:38:48","slug":"por-el-derecho-a-la-vida-ni-una-rosa-mas","status":"publish","type":"post","link":"https:\/\/tejidohistorico.afrodescendientes.com\/index.php\/2012\/06\/04\/por-el-derecho-a-la-vida-ni-una-rosa-mas\/","title":{"rendered":"Por el derecho a la vida. !Ni una ROSA m\u00e1s!"},"content":{"rendered":"<p> \tCarta al Estado y a la sociedad colombiana y al mundo &ndash; junio 4 de 2012.\u00a0Desde que \u00e9ramos ni\u00f1os y ni\u00f1as o\u00edamos hablar de historias espeluznantes, de cuerpos heridos, desmembrados, abusados y dejados a la cuenta del m\u00e1s absoluto olvido. Las im\u00e1genes pasaban por nuestra cabeza alimentando nuestros sue\u00f1os m\u00e1s terror\u00edficos, las sombras que nos persegu\u00edan, las voces, los gritos. Pero se fueron haciendo tan frecuentes que aprendimos a convivir con ellas, con im\u00e1genes y con cuerpos desfigurados por la acci\u00f3n humana.<\/p>\n","protected":false},"excerpt":{"rendered":"<p>Carta al Estado y a la sociedad colombiana y al mundo &ndash; junio 4 de 2012.\u00a0Desde que \u00e9ramos ni\u00f1os y ni\u00f1as o\u00edamos hablar de historias espeluznantes, de cuerpos heridos, desmembrados, abusados y [&hellip;]<\/p>\n","protected":false},"author":2,"featured_media":0,"comment_status":"open","ping_status":"open","sticky":false,"template":"","format":"standard","meta":[],"categories":[61],"tags":[],"_links":{"self":[{"href":"https:\/\/tejidohistorico.afrodescendientes.com\/index.php\/wp-json\/wp\/v2\/posts\/3941"}],"collection":[{"href":"https:\/\/tejidohistorico.afrodescendientes.com\/index.php\/wp-json\/wp\/v2\/posts"}],"about":[{"href":"https:\/\/tejidohistorico.afrodescendientes.com\/index.php\/wp-json\/wp\/v2\/types\/post"}],"author":[{"embeddable":true,"href":"https:\/\/tejidohistorico.afrodescendientes.com\/index.php\/wp-json\/wp\/v2\/users\/2"}],"replies":[{"embeddable":true,"href":"https:\/\/tejidohistorico.afrodescendientes.com\/index.php\/wp-json\/wp\/v2\/comments?post=3941"}],"version-history":[{"count":0,"href":"https:\/\/tejidohistorico.afrodescendientes.com\/index.php\/wp-json\/wp\/v2\/posts\/3941\/revisions"}],"wp:attachment":[{"href":"https:\/\/tejidohistorico.afrodescendientes.com\/index.php\/wp-json\/wp\/v2\/media?parent=3941"}],"wp:term":[{"taxonomy":"category","embeddable":true,"href":"https:\/\/tejidohistorico.afrodescendientes.com\/index.php\/wp-json\/wp\/v2\/categories?post=3941"},{"taxonomy":"post_tag","embeddable":true,"href":"https:\/\/tejidohistorico.afrodescendientes.com\/index.php\/wp-json\/wp\/v2\/tags?post=3941"}],"curies":[{"name":"wp","href":"https:\/\/api.w.org\/{rel}","templated":true}]}}