{"id":3945,"date":"2012-06-05T13:53:42","date_gmt":"2012-06-05T13:53:42","guid":{"rendered":"http:\/\/www2.nasaacin.org\/index.php\/2012\/06\/05\/peru-congresista-veronika-mendoza-renuncio-indignada-al-partido-nacionalista\/"},"modified":"2012-06-05T13:53:42","modified_gmt":"2012-06-05T13:53:42","slug":"peru-congresista-veronika-mendoza-renuncio-indignada-al-partido-nacionalista","status":"publish","type":"post","link":"https:\/\/tejidohistorico.afrodescendientes.com\/index.php\/2012\/06\/05\/peru-congresista-veronika-mendoza-renuncio-indignada-al-partido-nacionalista\/","title":{"rendered":"Per\u00fa: Congresista Ver\u00f3nika Mendoza renunci\u00f3 indignada al Partido Nacionalista"},"content":{"rendered":"<div> \t<\/div>\n<div> \tHe visto a defensores de los derechos humanos detenidos arbitrariamente, enmarrocados como delincuentes, maltratados y humillados. He visto c&oacute;mo se detuvo arbitraria y violentamente a una autoridad local que intent&oacute; pacientemente hacer eco de la demanda de su pueblo.<\/div>\n<p>  <!--more-->  <\/p>\n<div> \t&nbsp;<\/div>\n<div> \t&nbsp;<\/div>\n<div> \t<strong><span style=\"font-size:14px;\">CARTA A LOS MILITANTES<\/span><\/strong><\/div>\n<div> \t<strong><span style=\"font-size:14px;\">DEL PARTIDO NACIONALISTA PERUANO<\/span><\/strong><\/div>\n<div> \t&nbsp;<\/div>\n<div> \tCompatriotas<\/div>\n<div> \t&nbsp;<\/div>\n<div> \tEn este dif&iacute;cil momento quiero dirigirme a ustedes para explicarles las razones de mi renuncia al Partido Nacionalista Peruano, que no es una renuncia a la Gran Transformaci&oacute;n sino una afirmaci&oacute;n de que debemos seguir so&ntilde;ando y luchando por ella.<\/div>\n<div> \t&nbsp;<\/div>\n<div> \tHe presenciado con indignaci&oacute;n e impotencia c&oacute;mo se ningune&oacute; la real y leg&iacute;tima demanda de Espinar.<\/div>\n<div> \t&nbsp;<\/div>\n<div> \tHe visto a defensores de los derechos humanos detenidos arbitrariamente, enmarrocados como delincuentes, maltratados y humillados. He visto c&oacute;mo se detuvo arbitraria y violentamente a una autoridad local que intent&oacute; pacientemente hacer eco de la demanda de su pueblo. He visto las l&aacute;grimas de su pueblo indignado ante esa detenci&oacute;n. &iquest;Creen ustedes que un alcalde &ndash;en su sano juicio- pondr&iacute;a bombas molotov en sus camionetas de serenazgo en una ciudad llena de polic&iacute;as y periodistas?<\/div>\n<div> \t&nbsp;<\/div>\n<div> \t&iquest;Alg&uacute;n medio habla de los muertos? &iquest;Existe una investigaci&oacute;n de esas muertes? Condeno como ustedes toda manifestaci&oacute;n de violencia, venga de donde venga e invoco a quienes protestan leg&iacute;timamente lo hagan con responsabilidad. Pero me indigna que nuestro gobierno avale la represi&oacute;n y la criminalizaci&oacute;n como modo de resoluci&oacute;n de los conflictos. Y me indigna que en lugar de determinar las responsabilidades pol&iacute;ticas correspondientes se me haya acusado a m&iacute; de causar el conflicto e incluso las muertes. Y me duele que este ataque de los medios de comunicaci&oacute;n de la derecha, haya sido refrendado p&uacute;blicamente por funcionarios de nuestro gobierno y nuestro propio presidente. El informe que primero dijeron que no exist&iacute;a y luego dijeron que yo hab&iacute;a manipulado s&iacute; existe. Siempre dije la verdad y lo demostrar&eacute; cuantas veces sea necesario.<\/div>\n<div> \t&nbsp;<\/div>\n<div> \tPero este no es un problema personal. Este es un problema pol&iacute;tico.&nbsp;<\/div>\n<div> \t&nbsp;<\/div>\n<div> \tEl modelo econ&oacute;mico neoliberal que tanto denunciamos sigue intacto, ya nadie lo cuestiona siquiera. Los programas sociales del gobierno no pueden sustituir una pol&iacute;tica de derechos y de protagonismo social activo. Los grupos de poder mantienen sus redes de influencia en diversos niveles de gobierno, se empieza a criminalizar la protesta y a descalificar a todos aquellos que ejercen su leg&iacute;timo derecho a la protesta adjetiv&aacute;ndolos como &ldquo;radicales&rdquo;, &ldquo;extremistas&rdquo;&hellip; &iquest;No les suena ese libreto? &iquest;No les recuerda nada? A m&iacute; s&iacute;, me recuerda c&oacute;mo nos descalificaba la derecha cuando como Partido Nacionalista sal&iacute;amos a respaldar las demandas del pueblo, algunos en las calles, los otros en la prensa. &ldquo;Chavistas&rdquo;, &ldquo;violentistas&rdquo;, nos dec&iacute;an, y el &ldquo;cuco&rdquo; era Ollanta.&nbsp;<\/div>\n<div> \t&nbsp;<\/div>\n<div> \tNo podemos dejar de estar del lado del pueblo.<\/div>\n<div> \tNo podemos renunciar a nuestros principios, no podemos renunciar a nuestros sue&ntilde;os. Por eso es que hoy, para resguardar los m&iacute;os &ndash;mis principios y mis sue&ntilde;os-, renuncio al Partido Nacionalista Peruano.<\/div>\n<div> \t&nbsp;<\/div>\n<div> \tQue me voy para que no me boten, es cierto. Que algunos se decepcionar&aacute;n de m&iacute;, otros me satanizar&aacute;n, seguro; asumo ese costo. Que deb&iacute; esperar, quiz&aacute;s; pero tambi&eacute;n espero que comprendan que cada militante tiene tambi&eacute;n sus propios tiempos pol&iacute;ticos. Algunos llegamos antes, otros llegaron despu&eacute;s. Algunos nos vamos antes, otros, quiz&aacute;s, se vayan despu&eacute;s. Todos, espero, nos mantendremos firmes en nuestro compromiso y nuestros principios.<\/div>\n<div> \t&nbsp;<\/div>\n<div> \tQuiero que sepan que estoy profundamente agradecida con los militantes y bases nacionalistas que me dieron su respaldo en este dif&iacute;cil momento de linchamiento medi&aacute;tico. Sin ese apoyo no hubiera podido parchar mi coraz&oacute;n para seguir andando. Quiero agradecer especialmente a los j&oacute;venes nacionalistas con quienes compart&iacute; tantas luchas, en las calles, en las redes, por su confianza y su respaldo.<\/div>\n<div> \t&nbsp;<\/div>\n<div> \tLa Gran Transformaci&oacute;n s&iacute; es posible. S&eacute; que en ese camino nos vamos a seguir encontrando, ojal&aacute; en articulaciones pol&iacute;ticas y sociales mayores, m&aacute;s democr&aacute;ticas, m&aacute;s libertarias.<\/div>\n<div> \t&nbsp;<\/div>\n<div> \tMe sumo a todos aquellos que siguen creyendo que otro Per&uacute; es posible, con solidaridad, justicia y paz social.<\/div>\n<div> \t&nbsp;<\/div>\n<div> \tFraternalmente<\/div>\n<div> \t&nbsp;<\/div>\n<div> \t<strong>Vero Mendoza<\/strong><\/div>\n<div> \t<a href=\"https:\/\/www.facebook.com\/veronikamendozaf\/posts\/322899507788054\">https:\/\/www.facebook.com\/veronikamendozaf\/posts\/322899507788054<\/a><\/div>\n<p> \t&nbsp;<\/p>\n","protected":false},"excerpt":{"rendered":"<p>He visto a defensores de los derechos humanos detenidos arbitrariamente, enmarrocados como delincuentes, maltratados y humillados. He visto c&oacute;mo se detuvo arbitraria y violentamente a una autoridad local que intent&oacute; pacientemente hacer [&hellip;]<\/p>\n","protected":false},"author":2,"featured_media":0,"comment_status":"open","ping_status":"open","sticky":false,"template":"","format":"standard","meta":[],"categories":[3],"tags":[],"_links":{"self":[{"href":"https:\/\/tejidohistorico.afrodescendientes.com\/index.php\/wp-json\/wp\/v2\/posts\/3945"}],"collection":[{"href":"https:\/\/tejidohistorico.afrodescendientes.com\/index.php\/wp-json\/wp\/v2\/posts"}],"about":[{"href":"https:\/\/tejidohistorico.afrodescendientes.com\/index.php\/wp-json\/wp\/v2\/types\/post"}],"author":[{"embeddable":true,"href":"https:\/\/tejidohistorico.afrodescendientes.com\/index.php\/wp-json\/wp\/v2\/users\/2"}],"replies":[{"embeddable":true,"href":"https:\/\/tejidohistorico.afrodescendientes.com\/index.php\/wp-json\/wp\/v2\/comments?post=3945"}],"version-history":[{"count":0,"href":"https:\/\/tejidohistorico.afrodescendientes.com\/index.php\/wp-json\/wp\/v2\/posts\/3945\/revisions"}],"wp:attachment":[{"href":"https:\/\/tejidohistorico.afrodescendientes.com\/index.php\/wp-json\/wp\/v2\/media?parent=3945"}],"wp:term":[{"taxonomy":"category","embeddable":true,"href":"https:\/\/tejidohistorico.afrodescendientes.com\/index.php\/wp-json\/wp\/v2\/categories?post=3945"},{"taxonomy":"post_tag","embeddable":true,"href":"https:\/\/tejidohistorico.afrodescendientes.com\/index.php\/wp-json\/wp\/v2\/tags?post=3945"}],"curies":[{"name":"wp","href":"https:\/\/api.w.org\/{rel}","templated":true}]}}