{"id":3951,"date":"2012-06-05T17:09:40","date_gmt":"2012-06-05T17:09:40","guid":{"rendered":"http:\/\/www2.nasaacin.org\/index.php\/2012\/06\/05\/ique-tan-lejos-esta-el-fin-de-la-parapolitica\/"},"modified":"2012-06-05T17:09:40","modified_gmt":"2012-06-05T17:09:40","slug":"ique-tan-lejos-esta-el-fin-de-la-parapolitica","status":"publish","type":"post","link":"https:\/\/tejidohistorico.afrodescendientes.com\/index.php\/2012\/06\/05\/ique-tan-lejos-esta-el-fin-de-la-parapolitica\/","title":{"rendered":"\u00bfQu\u00e9 tan lejos est\u00e1 el fin de la parapol\u00edtica?"},"content":{"rendered":"<p> \tVan 400 procesos de parapol\u00edtica abiertos, pero los paramilitares desmovilizados han aportado informaci\u00f3n\u00a0suficiente para investigar a 11.179 pol\u00edticos, funcionarios, empresarios y otros ciudadanos como posibles\u00a0c\u00f3mplices de este tremendo cap\u00edtulo de la historia colombiana.<a href=\"http:\/\/www.verdadabierta.com\/Especiales\/cinco-anios-parapol\/El_fin_de_la_parapolitica.pdf\"> Informe especial.<\/a><\/p>\n","protected":false},"excerpt":{"rendered":"<p>Van 400 procesos de parapol\u00edtica abiertos, pero los paramilitares desmovilizados han aportado informaci\u00f3n\u00a0suficiente para investigar a 11.179 pol\u00edticos, funcionarios, empresarios y otros ciudadanos como posibles\u00a0c\u00f3mplices de este tremendo cap\u00edtulo de la historia [&hellip;]<\/p>\n","protected":false},"author":2,"featured_media":0,"comment_status":"open","ping_status":"open","sticky":false,"template":"","format":"standard","meta":[],"categories":[61],"tags":[],"_links":{"self":[{"href":"https:\/\/tejidohistorico.afrodescendientes.com\/index.php\/wp-json\/wp\/v2\/posts\/3951"}],"collection":[{"href":"https:\/\/tejidohistorico.afrodescendientes.com\/index.php\/wp-json\/wp\/v2\/posts"}],"about":[{"href":"https:\/\/tejidohistorico.afrodescendientes.com\/index.php\/wp-json\/wp\/v2\/types\/post"}],"author":[{"embeddable":true,"href":"https:\/\/tejidohistorico.afrodescendientes.com\/index.php\/wp-json\/wp\/v2\/users\/2"}],"replies":[{"embeddable":true,"href":"https:\/\/tejidohistorico.afrodescendientes.com\/index.php\/wp-json\/wp\/v2\/comments?post=3951"}],"version-history":[{"count":0,"href":"https:\/\/tejidohistorico.afrodescendientes.com\/index.php\/wp-json\/wp\/v2\/posts\/3951\/revisions"}],"wp:attachment":[{"href":"https:\/\/tejidohistorico.afrodescendientes.com\/index.php\/wp-json\/wp\/v2\/media?parent=3951"}],"wp:term":[{"taxonomy":"category","embeddable":true,"href":"https:\/\/tejidohistorico.afrodescendientes.com\/index.php\/wp-json\/wp\/v2\/categories?post=3951"},{"taxonomy":"post_tag","embeddable":true,"href":"https:\/\/tejidohistorico.afrodescendientes.com\/index.php\/wp-json\/wp\/v2\/tags?post=3951"}],"curies":[{"name":"wp","href":"https:\/\/api.w.org\/{rel}","templated":true}]}}