{"id":3954,"date":"2012-06-06T14:37:08","date_gmt":"2012-06-06T14:37:08","guid":{"rendered":"http:\/\/www2.nasaacin.org\/index.php\/2012\/06\/06\/iconga-no-va-en-paris\/"},"modified":"2012-06-06T14:37:08","modified_gmt":"2012-06-06T14:37:08","slug":"iconga-no-va-en-paris","status":"publish","type":"post","link":"https:\/\/tejidohistorico.afrodescendientes.com\/index.php\/2012\/06\/06\/iconga-no-va-en-paris\/","title":{"rendered":"\u00a1Conga no va! en Par\u00eds"},"content":{"rendered":"<div> \t<\/div>\n<div> \t&#8220;El presente es de lucha, el futuro ser\u00e1 nuestro&#8221;.\u00a0La heroica lucha del pueblo de Cajamarca frente a la poderosa transnacional minera Newmont y cia, inspir\u00f3 la\u00a0constituci\u00f3n del Comit\u00e9 de Solidaridad con Cajamarca y al calor de esta desigual batalla \u00e9ste comit\u00e9 de solidaridad\u00a0internacional viene fortaleciendose y ampliandose.<\/div>\n<p>  <!--more-->  <\/p>\n<div> \t\u00a0<\/div>\n<div> \t<span style=\"font-size:14px;\"><strong>El objetivo de este comit\u00e9 es:<\/strong><\/span><\/div>\n<div> \t\u00a0<\/div>\n<div> \t&#8211; Solidarizarse con la lucha del pueblo de Cajamarca y ahora Espinar.\u00a0<\/div>\n<div> \t&#8211; Informar, y sensibilizar a la opinion publica francesa sobre la naturaleza de la lucha de Cajamarca en Per\u00fa<\/div>\n<div> \t&#8211; Lograr la solidaridad del pueblo franc\u00e9s y sus instituciones<\/div>\n<div> \t&#8211; Denunciar mediante diferentes acciones y medios la represion y persecucion de los dirigentes sociales y autoridades\u00a0locales y regionales.<\/div>\n<div> \t\u00a0<\/div>\n<div> \tEste es el momento en que Cajamarca, Espinar (Cusco) San Marcos (Ancash) y demas pueblos, necesitan de la solidaridad\u00a0internacional, y quienes estamos obligados a promoverla e impulsarla somos los peruanos, en cualquier lugar que nos encontremos\u00a0tenemos que aprovechar todos los espacios posibles para denunciar el atropello que se viene produciendo en el Per\u00fa.<\/div>\n<div> \t\u00a0<\/div>\n<div> \tDesde Paris hacemos un llamado a los compatriotas que viven en Madrid y activan a trav\u00e9s de la COIPE, a los compatriotas en Londres\u00a0(Colectivo Peruano en Londres), a los compatriotas en Italia (Milan y Roma), a los compatriotas en Berlin, Munich &#8211; Alemania, a los\u00a0compa\u00f1eros de El Andino de Bruselas, para coordinar y organizar nuestras acciones de solidaridad para que tenga mayor trascendencia, contundencia y amplitud.<\/div>\n<div> \t\u00a0<\/div>\n<div> \tEl r\u00e9gimen &#8220;nacionalista&#8221; tiende a endurecerse y prioriza la represi\u00f3n como metodo para solucionar los conflictos sociales, son los mismos m\u00e9todos de Fujimori-Montesinos, Toledo, Alan Garcia, que enfrentaron las protestas sociales a sangre y fuego, produciendo centenares de muertos, es que para imponer el modelo neoliberal no es suficiente que la contituci\u00f3n y las leyes, amparen el saqueo de nuestros recursos, sino que se requiere de la fuerza represiva, porque un modelo injusto que condena al hambre a millones de personas no puede ser aceptada facilmente por los peruanos; estos gobiernos que se llaman &#8220;democr\u00e1ticos&#8221; en la realidad son gobiernos antidemocr\u00e1ticos, autoritarios, represivos y corrupto, por eso gobiernan casi siempre poniendo a gran parte del pais en &#8220;estado de emergencia&#8221; en el que mandan las fuerzas armadas; hoy Cajamarca practicamente esta practicamente tomada por el ejercito, en Espinar se ha pisoteado las leyes al detener y encarcelar al Alcalde provincial de Espinar. (ser\u00eda bueno que la Asociaci\u00f3n de municipalidades por lo menos se pronunciara.)<\/div>\n<div> \t\u00a0<\/div>\n<div> \tLa solidaridad internacional es importante, no solo porque ejerce presi\u00f3n contra el gobierno, sino tambien porque le inyecta moral y fuerza a los pueblos que constatan que no estan solos en esta lucha.<\/div>\n<div> \t\u00a0<\/div>\n<div> \tFinalmente al calor de \u00e9sta lucha hay que construir la Gran Unidad que requiere el pueblo para hacer posible el Gran Cambio.<\/div>\n<div> \t\u00a0<\/div>\n<div> \t<strong>Hasta la Victoria Siempre!<\/strong><\/div>\n<div> \t<strong>Paris, 3 de Junio 2012.<\/strong><\/div>\n<div> \t<strong>Marco A Rodriguez A.<\/strong><\/div>\n<div> \t<a href=\"http:\/\/solidaritecajamarca.blogspot.fr\/\">http:\/\/solidaritecajamarca.blogspot.fr\/<\/a><\/div>\n","protected":false},"excerpt":{"rendered":"<p>&#8220;El presente es de lucha, el futuro ser\u00e1 nuestro&#8221;.\u00a0La heroica lucha del pueblo de Cajamarca frente a la poderosa transnacional minera Newmont y cia, inspir\u00f3 la\u00a0constituci\u00f3n del Comit\u00e9 de Solidaridad con Cajamarca [&hellip;]<\/p>\n","protected":false},"author":2,"featured_media":0,"comment_status":"open","ping_status":"open","sticky":false,"template":"","format":"standard","meta":[],"categories":[3],"tags":[],"_links":{"self":[{"href":"https:\/\/tejidohistorico.afrodescendientes.com\/index.php\/wp-json\/wp\/v2\/posts\/3954"}],"collection":[{"href":"https:\/\/tejidohistorico.afrodescendientes.com\/index.php\/wp-json\/wp\/v2\/posts"}],"about":[{"href":"https:\/\/tejidohistorico.afrodescendientes.com\/index.php\/wp-json\/wp\/v2\/types\/post"}],"author":[{"embeddable":true,"href":"https:\/\/tejidohistorico.afrodescendientes.com\/index.php\/wp-json\/wp\/v2\/users\/2"}],"replies":[{"embeddable":true,"href":"https:\/\/tejidohistorico.afrodescendientes.com\/index.php\/wp-json\/wp\/v2\/comments?post=3954"}],"version-history":[{"count":0,"href":"https:\/\/tejidohistorico.afrodescendientes.com\/index.php\/wp-json\/wp\/v2\/posts\/3954\/revisions"}],"wp:attachment":[{"href":"https:\/\/tejidohistorico.afrodescendientes.com\/index.php\/wp-json\/wp\/v2\/media?parent=3954"}],"wp:term":[{"taxonomy":"category","embeddable":true,"href":"https:\/\/tejidohistorico.afrodescendientes.com\/index.php\/wp-json\/wp\/v2\/categories?post=3954"},{"taxonomy":"post_tag","embeddable":true,"href":"https:\/\/tejidohistorico.afrodescendientes.com\/index.php\/wp-json\/wp\/v2\/tags?post=3954"}],"curies":[{"name":"wp","href":"https:\/\/api.w.org\/{rel}","templated":true}]}}