{"id":3956,"date":"2012-06-06T14:57:37","date_gmt":"2012-06-06T14:57:37","guid":{"rendered":"http:\/\/www2.nasaacin.org\/index.php\/2012\/06\/06\/cauca-guapi-con-un-muerto-y-dos-heridos\/"},"modified":"2012-06-06T14:57:37","modified_gmt":"2012-06-06T14:57:37","slug":"cauca-guapi-con-un-muerto-y-dos-heridos","status":"publish","type":"post","link":"https:\/\/tejidohistorico.afrodescendientes.com\/index.php\/2012\/06\/06\/cauca-guapi-con-un-muerto-y-dos-heridos\/","title":{"rendered":"Cauca:  Guapi con un muerto y dos heridos"},"content":{"rendered":"<p> \tAsesinado Marceliano Cuero Bombero de aerocivil (persona muy querida y muy popular en su tierra natal de Guapi), y heridos de gravedad el comerciante Pedro Antonio Sinisterra y el agente de la Sijin de la polic\u00eda V\u00edctor Monta\u00f1o Jim\u00e9nez. Cuenta la gente que Marceliano estaba comiendo en el sitio con su esposa cuando recibi\u00f3 el disparo.<\/p>\n","protected":false},"excerpt":{"rendered":"<p>Asesinado Marceliano Cuero Bombero de aerocivil (persona muy querida y muy popular en su tierra natal de Guapi), y heridos de gravedad el comerciante Pedro Antonio Sinisterra y el agente de la [&hellip;]<\/p>\n","protected":false},"author":2,"featured_media":0,"comment_status":"open","ping_status":"open","sticky":false,"template":"","format":"standard","meta":[],"categories":[61],"tags":[],"_links":{"self":[{"href":"https:\/\/tejidohistorico.afrodescendientes.com\/index.php\/wp-json\/wp\/v2\/posts\/3956"}],"collection":[{"href":"https:\/\/tejidohistorico.afrodescendientes.com\/index.php\/wp-json\/wp\/v2\/posts"}],"about":[{"href":"https:\/\/tejidohistorico.afrodescendientes.com\/index.php\/wp-json\/wp\/v2\/types\/post"}],"author":[{"embeddable":true,"href":"https:\/\/tejidohistorico.afrodescendientes.com\/index.php\/wp-json\/wp\/v2\/users\/2"}],"replies":[{"embeddable":true,"href":"https:\/\/tejidohistorico.afrodescendientes.com\/index.php\/wp-json\/wp\/v2\/comments?post=3956"}],"version-history":[{"count":0,"href":"https:\/\/tejidohistorico.afrodescendientes.com\/index.php\/wp-json\/wp\/v2\/posts\/3956\/revisions"}],"wp:attachment":[{"href":"https:\/\/tejidohistorico.afrodescendientes.com\/index.php\/wp-json\/wp\/v2\/media?parent=3956"}],"wp:term":[{"taxonomy":"category","embeddable":true,"href":"https:\/\/tejidohistorico.afrodescendientes.com\/index.php\/wp-json\/wp\/v2\/categories?post=3956"},{"taxonomy":"post_tag","embeddable":true,"href":"https:\/\/tejidohistorico.afrodescendientes.com\/index.php\/wp-json\/wp\/v2\/tags?post=3956"}],"curies":[{"name":"wp","href":"https:\/\/api.w.org\/{rel}","templated":true}]}}