{"id":3979,"date":"2012-06-12T16:23:58","date_gmt":"2012-06-12T16:23:58","guid":{"rendered":"http:\/\/www2.nasaacin.org\/index.php\/2012\/06\/12\/bolivia-gobierno-intento-desestabilidar-ix-marcha-indigena-con-golpe-a-la-cidob\/"},"modified":"2012-06-12T16:23:58","modified_gmt":"2012-06-12T16:23:58","slug":"bolivia-gobierno-intento-desestabilidar-ix-marcha-indigena-con-golpe-a-la-cidob","status":"publish","type":"post","link":"https:\/\/tejidohistorico.afrodescendientes.com\/index.php\/2012\/06\/12\/bolivia-gobierno-intento-desestabilidar-ix-marcha-indigena-con-golpe-a-la-cidob\/","title":{"rendered":"Bolivia: Gobierno intent\u00f3 desestabilidar IX Marcha Ind\u00edgena con golpe a la Cidob"},"content":{"rendered":"<div> \tA dos semanas de la llegada de la IX Marcha en defensa de Territorio Ind\u00edgena Parque Nacional Isiboro S\u00e9cure (TIPNIS) a La Paz las organizaciones ind\u00edgenas que forman parte de la movilizaci\u00f3n desestimaron que el gobierno de Evo Morales vaya a desestabilizarlos.<\/div>\n<p>  <!--more-->  <\/p>\n<div> \t\u00a0<\/div>\n<div> \tCuestionaron as\u00ed que el \u00faltimo jueves organizaciones ind\u00edgenas del Oriente, Chaco y Amazon\u00eda reunidas en una asamblea extraordinaria acordaran suspender al directorio de la Confederaci\u00f3n de los Pueblos Ind\u00edgenas del Oriente de Bolivia (Cidob) que encabeza Adolfo Ch\u00e1vez.<\/div>\n<div> \t\u00a0<\/div>\n<div> \tBertha Bejarano, presidenta del Comit\u00e9 de Marcha, afirm\u00f3 que detr\u00e1s de de esta acci\u00f3n ha estado &ldquo;la mano del Gobierno&rdquo; y agreg\u00f3 que en una resoluci\u00f3n los ind\u00edgenas expresaban su repudio a la intromisi\u00f3n en los asuntos internos de la Cidob por parte del ministro de Gobierno, Carlos Romero.<\/div>\n<div> \tAs\u00ed tambi\u00e9n denunci\u00f3 la intromisi\u00f3n de los diputados Eleuterio Guzm\u00e1n y Jorge Medina, y de las organizaciones Bartolina Sisa y Conisur, instancias que no forman parte de la estructura org\u00e1nica de la Cidob.<\/div>\n<div> \t\u00a0<\/div>\n<div> \t<strong>Ch\u00e1vez desconocido como presidente de la Cidob<\/strong><\/div>\n<div> \t\u00a0<\/div>\n<div> \tRosendo Alpire, presidente de la Coordinadora de Pueblos \u00c9tnicos de Santa Cruz (Cpesc) y principal promotor de la asamblea que decidi\u00f3 la suspensi\u00f3n de Adolfo Ch\u00e1vez, afirm\u00f3 sobre que la medida se debi\u00f3 a que Ch\u00e1vez se dedic\u00f3 m\u00e1s a pelear con el Gobierno que a hacer gesti\u00f3n como presidente de la Cidob.<\/div>\n<div> \t\u00a0<\/div>\n<div> \tYa antes, a mitad de mayo, Alpire afirm\u00f3 que Adolfo Ch\u00e1vez &ldquo;ya no tiene poder de convocatoria, la IX Marcha est\u00e1 debilitada&rdquo;.<\/div>\n<div> \t\u00a0<\/div>\n<div> \tPero la cr\u00edtica m\u00e1s grave que se le hace es el haber supuestamente promovido el desconocimiento de dirigentes de varias regionales luego de que firmaron acuerdos con el Gobierno.<\/div>\n<div> \t\u00a0<\/div>\n<div> \tLuego de la firma de los acuerdos entre el Gobierno y dirigentes ind\u00edgenas, al menos dos dirigentes &ndash; Pedro Vare de la Central de Pueblos Ind\u00edgenas del Beni (CPIB) y Eladio Udaeta presidente de la Central de Organizaciones de Pueblos Nativos Guarayos (COPNAG) &ndash; fueron desconocidos por sus bases por no respaldar la marcha en defensa del TIPNIS.<\/div>\n<div> \t\u00a0<\/div>\n<div> \t<strong>La palabra de Ch\u00e1vez<\/strong><\/div>\n<div> \t\u00a0<\/div>\n<div> \t<strong><img alt=\"alt\" src=\"http:\/\/3.bp.blogspot.com\/-9sYztYgEwos\/Toy0hDD1wpI\/AAAAAAAAGkM\/UsbA-ErjCm8\/s1600\/foto_seccion.php.jpg\" style=\"margin: 6px; width: 350px; height: 190px; \" \/><\/strong><\/div>\n<div> \t\u00a0<\/div>\n<div> \tEl presidente de la Confederaci\u00f3n de Pueblos Ind\u00edgenas de Bolivia (Cidob) se\u00f1al\u00f3 tras conocerse el resultado de la asamblea extraordinaria celebrado en Santa Cruz, que solo en la Gran Asamblea Nacional de Pueblos Ind\u00edgenas (GANPI) se puede cambiar el directorio de la organizaci\u00f3n matriz de los pueblos de tierras bajas.<\/div>\n<div> \t\u00a0<\/div>\n<div> \tCh\u00e1vez advirti\u00f3 en este sentido en radio Alternativa de Erbol que no le preocupa las resoluciones de la reuni\u00f3n de la Coordinadora de Pueblos \u00c9tnicos de Santa Cruz (Cpesc) porque considera que son &ldquo;ilegales e inorg\u00e1nicas&rdquo; y agreg\u00f3 que espera que las bases de los pueblos ind\u00edgenas arreglen esta situaci\u00f3n una vez concluida la movilizaci\u00f3n.<\/div>\n<div> \t\u00a0<\/div>\n<div> \tSostuvo adem\u00e1s que lo que se busca con este tipo de decisiones es evitar la llegada hasta La Paz de la IX Marcha y crear una organizaci\u00f3n paralela a la Cidob, que sea servil a los fines pol\u00edticos del actual presidente Evo Morales.<\/div>\n<div> \t\u00a0<\/div>\n<div> \t<strong>Los fallidos intentos del Gobierno por detener la IX Marcha<\/strong><\/div>\n<div> \t\u00a0<\/div>\n<div> \tEn las \u00faltimas horas se supo que cerca de 70 personas del Territorio Ind\u00edgena Moxe\u00f1o (TIM I) y del Territorio Ind\u00edgena Parque Nacional Isiboro S\u00e9cure (TIPNIS) se sumaron este lunes a la IX Marcha en Caranavi, lugar donde colonos, cocaleros y mujeres de la organizaci\u00f3n campesina Bartolina Sisa, afines al Gobierno, desarrollaron acciones para detener la Marcha.<\/div>\n<div> \t\u00a0<\/div>\n<div> \tLa presidenta del Comit\u00e9 de Marcha, Bertha Bejarano, inform\u00f3 recientemente que los marchistas han enviado una nota al presidente Evo Morales para &ldquo;encontrar soluciones reales, veraces y duraderas&rdquo; a la plataforma de demandas en la que se encuentra la oposici\u00f3n a la Ley 222 que dicta se lleve a cabo un proceso de consulta.<\/div>\n<div> \t\u00a0<\/div>\n<div> \tIndic\u00f3 que los marchistas esperar\u00e1n la respuesta del Ejecutivo hasta el lunes 11 de junio, en Caranavi. Esta ser\u00eda la segunda invitaci\u00f3n que le hacen los ind\u00edgenas al presidente Evo Morales para que forme parte del di\u00e1logo.<\/div>\n<div> \t\u00a0<\/div>\n<div> \tEl Ejecutivo por su parte se mantiene en su posici\u00f3n de que en las pr\u00f3ximas semanas se lleve a cabo la consulta previa dispuesta por la Ley 222 que ser\u00e1 la que defina si se debe o no construir la carretera Villa Tunari &ndash; San Ignacio de Moxos.<\/div>\n<div> \t\u00a0<\/div>\n<div> \t&ldquo;El Gobierno se equivoca una vez m\u00e1s porque la marcha no es Adolfo Ch\u00e1vez, son los 34 pueblos ind\u00edgenas. Si bien han firmado los dirigentes convenios con el Gobierno, est\u00e1n sus bases&rdquo;, sentenci\u00f3 Bejarano en declaraciones a la agencia de noticias Erbol.<\/div>\n<div> \t\u00a0<\/div>\n<div> \tRecientemente el directorio org\u00e1nicamente elegido de la Cidob emiti\u00f3 un <a href=\"http:\/\/servindi.org\/pdf\/pronunciamiento_CIDOB.pdf\">comunicado<\/a> en el que responsabiliza al Gobierno de llevar a cabo una serie de acciones con el fin de desvirtuar la IX Marcha y sus legitimas demandas.<\/div>\n<div> \t\u00a0<\/div>\n<div> \tPara leer el comunicado de la Cidob dar <a href=\"http:\/\/servindi.org\/pdf\/pronunciamiento_CIDOB.pdf\">clic aqu\u00ed.<\/a><\/div>\n<div> \t\u00a0<\/div>\n<div> \tServindi, 11 de junio, 2012.<\/div>\n<div> \t<a href=\"http:\/\/servindi.org\/actualidad\/66082\">http:\/\/servindi.org\/actualidad\/66082<\/a><\/div>\n","protected":false},"excerpt":{"rendered":"<p>A dos semanas de la llegada de la IX Marcha en defensa de Territorio Ind\u00edgena Parque Nacional Isiboro S\u00e9cure (TIPNIS) a La Paz las organizaciones ind\u00edgenas que forman parte de la movilizaci\u00f3n [&hellip;]<\/p>\n","protected":false},"author":2,"featured_media":0,"comment_status":"open","ping_status":"open","sticky":false,"template":"","format":"standard","meta":[],"categories":[3],"tags":[],"_links":{"self":[{"href":"https:\/\/tejidohistorico.afrodescendientes.com\/index.php\/wp-json\/wp\/v2\/posts\/3979"}],"collection":[{"href":"https:\/\/tejidohistorico.afrodescendientes.com\/index.php\/wp-json\/wp\/v2\/posts"}],"about":[{"href":"https:\/\/tejidohistorico.afrodescendientes.com\/index.php\/wp-json\/wp\/v2\/types\/post"}],"author":[{"embeddable":true,"href":"https:\/\/tejidohistorico.afrodescendientes.com\/index.php\/wp-json\/wp\/v2\/users\/2"}],"replies":[{"embeddable":true,"href":"https:\/\/tejidohistorico.afrodescendientes.com\/index.php\/wp-json\/wp\/v2\/comments?post=3979"}],"version-history":[{"count":0,"href":"https:\/\/tejidohistorico.afrodescendientes.com\/index.php\/wp-json\/wp\/v2\/posts\/3979\/revisions"}],"wp:attachment":[{"href":"https:\/\/tejidohistorico.afrodescendientes.com\/index.php\/wp-json\/wp\/v2\/media?parent=3979"}],"wp:term":[{"taxonomy":"category","embeddable":true,"href":"https:\/\/tejidohistorico.afrodescendientes.com\/index.php\/wp-json\/wp\/v2\/categories?post=3979"},{"taxonomy":"post_tag","embeddable":true,"href":"https:\/\/tejidohistorico.afrodescendientes.com\/index.php\/wp-json\/wp\/v2\/tags?post=3979"}],"curies":[{"name":"wp","href":"https:\/\/api.w.org\/{rel}","templated":true}]}}