{"id":3998,"date":"2012-06-15T05:00:00","date_gmt":"2012-06-15T05:00:00","guid":{"rendered":"http:\/\/www2.nasaacin.org\/index.php\/2012\/06\/15\/universidad-publica-se-pronuncia-sobre-la-persecucion-a-los-movimiento-sociales-en-el-pais\/"},"modified":"2012-06-15T05:00:00","modified_gmt":"2012-06-15T05:00:00","slug":"universidad-publica-se-pronuncia-sobre-la-persecucion-a-los-movimiento-sociales-en-el-pais","status":"publish","type":"post","link":"https:\/\/tejidohistorico.afrodescendientes.com\/index.php\/2012\/06\/15\/universidad-publica-se-pronuncia-sobre-la-persecucion-a-los-movimiento-sociales-en-el-pais\/","title":{"rendered":"Universidad p\u00fablica se pronuncia sobre la persecuci\u00f3n a los movimiento sociales en el pa\u00eds"},"content":{"rendered":"<\/p>\n<div> \tDesde el Grupo de Investigaci\u00f3n Conflicto Social y Violencia. Centro de Estudios Sociales. Universidad Nacional de Colombia. Con gran sorpresa nos hemos enterado del arresto del l\u00edder afrodescendiente Felix Manuel Banguero, acontecida el d\u00eda 8 de junio de 2012 en las instalaciones de la Alcald\u00eda Municipal de Guachen\u00e9, acusado entre otros delitos de rebeli\u00f3n y concierto para delinquir.\u00a0<\/div>\n<p>  <!--more-->  <\/p>\n<div> \t\u00a0<\/div>\n<div> \t<span style=\"font-size:14px;\"><span style=\"color: rgb(128, 0, 0); \"><strong>COMUNICACI\u00d3N A LA COMUNIDAD UNIVERSITARIA Y A LA OPINI\u00d3N P\u00daBLICA<\/strong><\/span><\/span><\/div>\n<div> \t\u00a0<\/div>\n<div> \tJunio 13 de 2012<\/div>\n<div> \t\u00a0<\/div>\n<div> \tDesde el Grupo de Investigaci\u00f3n Conflicto Social y Violencia<\/div>\n<div> \tCentro de Estudios Sociales. Universidad Nacional de Colombia<\/div>\n<div> \t\u00a0<\/div>\n<div> \tCon gran sorpresa nos hemos enterado del arresto del l\u00edder afrodescendiente Felix Manuel Banguero, acontecida el d\u00eda 8 de junio de 2012 en las instalaciones de la Alcald\u00eda Municipal de Guachen\u00e9, acusado entre otros delitos de rebeli\u00f3n y concierto para delinquir. El se\u00f1or Banguero es l\u00edder del Proceso de Comunidades Negras (PCN) y representante del Consejo Comunitario El P\u00edlamo, Municipio de Guachen\u00e9. Su hist\u00f3rica lucha le ha llevado a participar en la propuesta y formulaci\u00f3n del Art\u00edculo Transitorio 55 de la Constituci\u00f3n Pol\u00edtica de 1991, que despu\u00e9s permitir\u00eda la formulaci\u00f3n de la Ley 70 de 1993. Su incansable compromiso con la defensa de los derechos \u00e9tnicos y territoriales de las comunidades del Alto Cauca le condujo en d\u00edas recientes a participar en el Encuentro Nacional de Consejos Comunitarios y Organizaciones Afros de Colombia, realizado en Bogot\u00e1 entre el 17 y el 21 de mayo con la participaci\u00f3n de m\u00e1s de 200 organizaciones de todas las regiones del pa\u00eds. En el marco del proceso de consulta y socializaci\u00f3n del Decreto Ley 4635 de 2011 &ldquo;Por el cual se dictan medidas de asistencia, atenci\u00f3n, reparaci\u00f3n integral y de restituci\u00f3n de tierras a las v\u00edctimas pertenecientes a comunidades negras, afrocolombianas, raizales y palenqueras&rdquo;, el se\u00f1or Banguero facilit\u00f3 los debates entre los m\u00e1s de 800 l\u00edderes afrodescendientes con la Unidad de Restituci\u00f3n de Tierras y con la Contralor\u00eda de la Rep\u00fablica.<\/div>\n<div> \tLa regi\u00f3n del Alto Cauca (departamentos del Cauca y Valle del Cauca) ha sido sometida a un progresivo acaparamiento de tierras y de bienes y servicios ambientales en manos de empresas privadas nacionales y extranjeras. Los intereses de acumulaci\u00f3n privada de ingenios azucareros, industrias sucroqu\u00edmicas y de alimentos, y de corporaciones multinacionales mineras, energ\u00e9ticas y papeleras han forjado en la regi\u00f3n un r\u00e9gimen de privatizaci\u00f3n y expropiaci\u00f3n de los bienes ambientales de las comunidades locales. La negaci\u00f3n activa de los derechos \u00e9tnicos y territoriales a las comunidades de esta regi\u00f3n, as\u00ed como los procesos productivos y extractivos en detrimento del uso colectivo del territorio por parte de las comunidades afrodescendientes, evidencian un claro despojo racista en el Alto Cauca, el cual se ha expresado con las amenazas, asesinatos, desplazamiento y criminalizaci\u00f3n de l\u00edderes sociales en la regi\u00f3n.\u00a0<\/div>\n<div> \t\u00a0<\/div>\n<div> \tEn el caso del PCN, el arresto de uno de sus l\u00edderes hist\u00f3ricos reviste mayor gravedad, por cuanto sobre el PCN existen medidas cautelares concedidas por la Comisi\u00f3n Interamericana de Derechos Humanos. Con esta actuaci\u00f3n judicial, el gobierno desatiende estas medidas y pone en riesgo tanto la integridad y dignidad personal del se\u00f1or Banguero, como del Proceso de Comunidades Negras. En este sentido, entendemos que las amenazas y la criminalizaci\u00f3n a sus miembros se incrementan en momentos en que las comunidades afrodescendientes enfrentan y denuncian proyectos y pol\u00edticas que violan sus derechos \u00e9tnicos y territoriales que se desarrollan en contrav\u00eda de sus propias aspiraciones de autonom\u00eda, dignidad, identidad y participaci\u00f3n social. Adem\u00e1s, reconocemos en este arresto una expresi\u00f3n inequ\u00edvoca de un sistema de justicia que omite las denuncias de las comunidades afrodescendientes, campesinas e ind\u00edgenas pero dispone su andamiaje para perseguir los l\u00edderes y lideresas, afectando y debilitando profundamente los procesos de organizaci\u00f3n y movilizaci\u00f3n en torno a la reclamaci\u00f3n de derechos \u00e9tnicos y territoriales.<\/div>\n<div> \t\u00a0<\/div>\n<div> \tP\u00fablicamente manifestamos nuestra preocupaci\u00f3n por la criminalizaci\u00f3n y estigmatizaci\u00f3n de l\u00edderes que desatiende las \u00f3rdenes de la Corte Constitucional consagradas en el Auto 005 de 2009, y que afecta negativamente la garant\u00eda de los derechos de las comunidades que ancestralmente han habitado el Alto Cauca. Adem\u00e1s, expresamos nuestra solidaridad con el PCN, con el Consejo Comunitario El P\u00edlamo y con los familiares del se\u00f1or Banguero.\u00a0<\/div>\n<div> \t\u00a0<\/div>\n<div> \tSolicitamos al gobierno brindar todas las garant\u00edas legales, dar cumplimiento al debido proceso y respetar la integridad f\u00edsica y psicol\u00f3gica del se\u00f1or Banguero.\u00a0<\/div>\n<div> \t\u00a0<\/div>\n<div> \tInstamos al cumplimiento inmediato de los acuerdos del G-24, en el marco de los cuales el gobierno, en cabeza del Viceministro de Gobierno, se comprometi\u00f3 a garantizar la protecci\u00f3n efectiva de los l\u00edderes, organizaciones y comunidades \u00e9tnicas, desde una perspectiva diferencial, integral y colectiva. Exhortamos a los Ministerio de Interior, Ministerio de Justicia, Procuradur\u00eda General de la Naci\u00f3n, Defensor\u00eda del Pueblo y a las autoridades judiciales para que acompa\u00f1en al se\u00f1or Banguero y todas las personas detenidas durante este operativo y garanticen que no se genere una nueva escalada de detenciones masivas, violatorias de los derechos humanos.\u00a0<\/div>\n<div> \t\u00a0<\/div>\n<div> \tConvocamos a la comunidad acad\u00e9mica, a las organizaciones sociales y populares, a las ONG\u00b4s y dem\u00e1s sectores de la sociedad civil a proporcionar acompa\u00f1amiento y solidaridad permanente frente a los hechos mencionados y promover de manera masiva una campa\u00f1a de denuncia y rechazo a la criminalizaci\u00f3n de los l\u00edderes y lideresas de las comunidades \u00e9tnicas.\u00a0<\/div>\n<div> \t\u00a0<\/div>\n<div> \tAtentamente,<\/div>\n<div> \t\u00a0<\/div>\n<div> \t<strong>Grupo de Investigaci\u00f3n Conflicto Social y Violencia<\/strong><\/div>\n<div> \t<strong>Centro de Estudios Sociales<\/strong><\/div>\n<div> \t<strong>Universidad Nacional de Colombia<\/strong><\/div>\n<div> \t\u00a0<\/div>\n<div> \tContactos: irenevt@gmail.com, agarimas@gmail.com, vanetoro2008@gmail.com, asalcedofidalgo@gmail.com, lakacita@gmail.com<\/div>\n","protected":false},"excerpt":{"rendered":"<p>Desde el Grupo de Investigaci\u00f3n Conflicto Social y Violencia. Centro de Estudios Sociales. Universidad Nacional de Colombia. Con gran sorpresa nos hemos enterado del arresto del l\u00edder afrodescendiente Felix Manuel Banguero, acontecida [&hellip;]<\/p>\n","protected":false},"author":2,"featured_media":0,"comment_status":"open","ping_status":"open","sticky":false,"template":"","format":"standard","meta":[],"categories":[75],"tags":[],"_links":{"self":[{"href":"https:\/\/tejidohistorico.afrodescendientes.com\/index.php\/wp-json\/wp\/v2\/posts\/3998"}],"collection":[{"href":"https:\/\/tejidohistorico.afrodescendientes.com\/index.php\/wp-json\/wp\/v2\/posts"}],"about":[{"href":"https:\/\/tejidohistorico.afrodescendientes.com\/index.php\/wp-json\/wp\/v2\/types\/post"}],"author":[{"embeddable":true,"href":"https:\/\/tejidohistorico.afrodescendientes.com\/index.php\/wp-json\/wp\/v2\/users\/2"}],"replies":[{"embeddable":true,"href":"https:\/\/tejidohistorico.afrodescendientes.com\/index.php\/wp-json\/wp\/v2\/comments?post=3998"}],"version-history":[{"count":0,"href":"https:\/\/tejidohistorico.afrodescendientes.com\/index.php\/wp-json\/wp\/v2\/posts\/3998\/revisions"}],"wp:attachment":[{"href":"https:\/\/tejidohistorico.afrodescendientes.com\/index.php\/wp-json\/wp\/v2\/media?parent=3998"}],"wp:term":[{"taxonomy":"category","embeddable":true,"href":"https:\/\/tejidohistorico.afrodescendientes.com\/index.php\/wp-json\/wp\/v2\/categories?post=3998"},{"taxonomy":"post_tag","embeddable":true,"href":"https:\/\/tejidohistorico.afrodescendientes.com\/index.php\/wp-json\/wp\/v2\/tags?post=3998"}],"curies":[{"name":"wp","href":"https:\/\/api.w.org\/{rel}","templated":true}]}}