{"id":40,"date":"2010-05-30T04:11:45","date_gmt":"2010-05-30T04:11:45","guid":{"rendered":"http:\/\/www2.nasaacin.org\/index.php\/2010\/05\/30\/tlc\/"},"modified":"2010-05-30T04:11:45","modified_gmt":"2010-05-30T04:11:45","slug":"tlc","status":"publish","type":"post","link":"https:\/\/tejidohistorico.afrodescendientes.com\/index.php\/2010\/05\/30\/tlc\/","title":{"rendered":"Red Colombiana de Acci\u00f3n Frente al Libre Comercio y el ALCA &#8211; RECALCA"},"content":{"rendered":"<p><strong><strong><strong><strong><strong><strong><strong><strong><strong><strong><strong><strong><strong><a href=\"http:\/\/www.recalca.org.co\/\"><\/a><strong>Como resultado del Foro \u201cALCA y TLC, el espejismo del libre comercio,  los verdaderos efectos sobre la sociedad colombiana\u201d se ha constituido  la Red Colombiana de Acci\u00f3n Frente al Libre Comercio y el ALCA, RECALCA.  Esta es una organizaci\u00f3n amplia, pluralista y democr\u00e1tica que trabajar\u00e1  por consenso y busca agrupar a todas las organizaciones que en Colombia  sostienen una posici\u00f3n cr\u00edtica frente al proyecto de acuerdo del ALCA y  al acuerdo bilateral de libre comercio con Estados Unidos.<br \/> <a href=\"http:\/\/www.recalca.org.co\/\">Ir a la p\u00e1gina web&#8230;<\/a><\/strong><\/strong><\/strong><\/strong><\/strong><\/strong><\/strong><\/strong><\/strong><\/strong><\/strong><\/strong><\/strong><\/strong><\/p>\n","protected":false},"excerpt":{"rendered":"<p>Como resultado del Foro \u201cALCA y TLC, el espejismo del libre comercio, los verdaderos efectos sobre la sociedad colombiana\u201d se ha constituido la Red Colombiana de Acci\u00f3n Frente al Libre Comercio y [&hellip;]<\/p>\n","protected":false},"author":1,"featured_media":0,"comment_status":"open","ping_status":"open","sticky":false,"template":"","format":"standard","meta":[],"categories":[58],"tags":[],"_links":{"self":[{"href":"https:\/\/tejidohistorico.afrodescendientes.com\/index.php\/wp-json\/wp\/v2\/posts\/40"}],"collection":[{"href":"https:\/\/tejidohistorico.afrodescendientes.com\/index.php\/wp-json\/wp\/v2\/posts"}],"about":[{"href":"https:\/\/tejidohistorico.afrodescendientes.com\/index.php\/wp-json\/wp\/v2\/types\/post"}],"author":[{"embeddable":true,"href":"https:\/\/tejidohistorico.afrodescendientes.com\/index.php\/wp-json\/wp\/v2\/users\/1"}],"replies":[{"embeddable":true,"href":"https:\/\/tejidohistorico.afrodescendientes.com\/index.php\/wp-json\/wp\/v2\/comments?post=40"}],"version-history":[{"count":0,"href":"https:\/\/tejidohistorico.afrodescendientes.com\/index.php\/wp-json\/wp\/v2\/posts\/40\/revisions"}],"wp:attachment":[{"href":"https:\/\/tejidohistorico.afrodescendientes.com\/index.php\/wp-json\/wp\/v2\/media?parent=40"}],"wp:term":[{"taxonomy":"category","embeddable":true,"href":"https:\/\/tejidohistorico.afrodescendientes.com\/index.php\/wp-json\/wp\/v2\/categories?post=40"},{"taxonomy":"post_tag","embeddable":true,"href":"https:\/\/tejidohistorico.afrodescendientes.com\/index.php\/wp-json\/wp\/v2\/tags?post=40"}],"curies":[{"name":"wp","href":"https:\/\/api.w.org\/{rel}","templated":true}]}}